{"id":991,"date":"2014-11-13T08:55:47","date_gmt":"2014-11-13T11:55:47","guid":{"rendered":"http:\/\/cdlsurubim.com.br\/site\/?p=991"},"modified":"2014-11-13T09:03:02","modified_gmt":"2014-11-13T12:03:02","slug":"eleicao-para-diretoria-da-cdl-surubim-acontece-hoje-13","status":"publish","type":"post","link":"https:\/\/cdlsurubim.com.br\/site\/2014\/11\/eleicao-para-diretoria-da-cdl-surubim-acontece-hoje-13\/","title":{"rendered":"Elei\u00e7\u00e3o para diretoria da CDL Surubim acontece hoje (13)"},"content":{"rendered":"<p style=\"text-align: justify;\"><a href=\"http:\/\/cdlsurubim.com.br\/site\/wp-content\/uploads\/2014\/11\/Comunicado_CDL_Surubim1.jpg\"><img loading=\"lazy\" decoding=\"async\" class=\"aligncenter size-medium wp-image-993\" title=\"Comunicado_CDL_Surubim\" src=\"http:\/\/cdlsurubim.com.br\/site\/wp-content\/uploads\/2014\/11\/Comunicado_CDL_Surubim1-300x58.jpg\" alt=\"\" width=\"300\" height=\"58\" srcset=\"https:\/\/cdlsurubim.com.br\/site\/wp-content\/uploads\/2014\/11\/Comunicado_CDL_Surubim1-300x58.jpg 300w, https:\/\/cdlsurubim.com.br\/site\/wp-content\/uploads\/2014\/11\/Comunicado_CDL_Surubim1-1024x200.jpg 1024w, https:\/\/cdlsurubim.com.br\/site\/wp-content\/uploads\/2014\/11\/Comunicado_CDL_Surubim1.jpg 1600w\" sizes=\"auto, (max-width: 300px) 100vw, 300px\" \/><\/a><\/p>\n<p style=\"text-align: justify;\">Acontece hoje (13) a elei\u00e7\u00e3o para diretoria da C\u00e2mara de Dirigentes Lojistas de Surubim (CDL), para o tri\u00eanio 2015-2017, \u00e0s 17h, na sede da entidade. Ap\u00f3s o lan\u00e7amento do edital, apenas uma chapa foi registrada. Encabe\u00e7ada pela empres\u00e1ria Roberta Aguiar. A nova diretoria ir\u00e1 continuar os trabalhos desenvolvidos na gest\u00e3o do presidente Carlos Eduardo N. Albuquerque.<\/p>\n<p style=\"text-align: justify;\">\n","protected":false},"excerpt":{"rendered":"<p>Acontece hoje (13) a elei\u00e7\u00e3o para diretoria da C\u00e2mara de Dirigentes Lojistas de Surubim (CDL), para o tri\u00eanio 2015-2017, \u00e0s 17h, na sede da entidade. Ap\u00f3s o lan\u00e7amento do edital, apenas uma chapa foi registrada. Encabe\u00e7ada pela empres\u00e1ria Roberta Aguiar. A nova diretoria ir\u00e1 continuar os trabalhos [&hellip;]<\/p>\n","protected":false},"author":2,"featured_media":992,"comment_status":"closed","ping_status":"open","sticky":false,"template":"","format":"standard","meta":{"footnotes":""},"categories":[4],"tags":[],"class_list":["post-991","post","type-post","status-publish","format-standard","has-post-thumbnail","hentry","category-noticias"],"_links":{"self":[{"href":"https:\/\/cdlsurubim.com.br\/site\/wp-json\/wp\/v2\/posts\/991","targetHints":{"allow":["GET"]}}],"collection":[{"href":"https:\/\/cdlsurubim.com.br\/site\/wp-json\/wp\/v2\/posts"}],"about":[{"href":"https:\/\/cdlsurubim.com.br\/site\/wp-json\/wp\/v2\/types\/post"}],"author":[{"embeddable":true,"href":"https:\/\/cdlsurubim.com.br\/site\/wp-json\/wp\/v2\/users\/2"}],"replies":[{"embeddable":true,"href":"https:\/\/cdlsurubim.com.br\/site\/wp-json\/wp\/v2\/comments?post=991"}],"version-history":[{"count":5,"href":"https:\/\/cdlsurubim.com.br\/site\/wp-json\/wp\/v2\/posts\/991\/revisions"}],"predecessor-version":[{"id":997,"href":"https:\/\/cdlsurubim.com.br\/site\/wp-json\/wp\/v2\/posts\/991\/revisions\/997"}],"wp:featuredmedia":[{"embeddable":true,"href":"https:\/\/cdlsurubim.com.br\/site\/wp-json\/wp\/v2\/media\/992"}],"wp:attachment":[{"href":"https:\/\/cdlsurubim.com.br\/site\/wp-json\/wp\/v2\/media?parent=991"}],"wp:term":[{"taxonomy":"category","embeddable":true,"href":"https:\/\/cdlsurubim.com.br\/site\/wp-json\/wp\/v2\/categories?post=991"},{"taxonomy":"post_tag","embeddable":true,"href":"https:\/\/cdlsurubim.com.br\/site\/wp-json\/wp\/v2\/tags?post=991"}],"curies":[{"name":"wp","href":"https:\/\/api.w.org\/{rel}","templated":true}]}}