{"id":911,"date":"2014-02-22T09:49:43","date_gmt":"2014-02-22T12:49:43","guid":{"rendered":"http:\/\/cdlsurubim.com.br\/site\/?p=911"},"modified":"2014-02-22T09:49:43","modified_gmt":"2014-02-22T12:49:43","slug":"comunicado-cdl-surubim-novo-horario-de-funcionamento","status":"publish","type":"post","link":"https:\/\/cdlsurubim.com.br\/site\/2014\/02\/comunicado-cdl-surubim-novo-horario-de-funcionamento\/","title":{"rendered":"Comunicado CDL Surubim: novo hor\u00e1rio de funcionamento"},"content":{"rendered":"<p>&nbsp;<\/p>\n<div>\n<div><a href=\"http:\/\/cdlsurubim.com.br\/site\/wp-content\/uploads\/2014\/02\/Comunicado_CDL_Surubim.jpg\"><img loading=\"lazy\" decoding=\"async\" class=\"size-medium wp-image-912 aligncenter\" title=\"Comunicado_CDL_Surubim\" src=\"http:\/\/cdlsurubim.com.br\/site\/wp-content\/uploads\/2014\/02\/Comunicado_CDL_Surubim-300x212.jpg\" alt=\"\" width=\"300\" height=\"212\" srcset=\"https:\/\/cdlsurubim.com.br\/site\/wp-content\/uploads\/2014\/02\/Comunicado_CDL_Surubim-300x212.jpg 300w, https:\/\/cdlsurubim.com.br\/site\/wp-content\/uploads\/2014\/02\/Comunicado_CDL_Surubim-1024x726.jpg 1024w, https:\/\/cdlsurubim.com.br\/site\/wp-content\/uploads\/2014\/02\/Comunicado_CDL_Surubim.jpg 1599w\" sizes=\"auto, (max-width: 300px) 100vw, 300px\" \/><\/a><\/div>\n<div><\/div>\n<div>\n<div>A C\u00e2mara de Dirigentes Lojistas de Surubim (CDL Surubim)\u00a0comunica a todos os associados e comunidade em geral que, a partir de segunda-feira (24) a entidade\u00a0ter\u00e1 novo hor\u00e1rio de funcionamento, abrir\u00e1 diariamente de segunda a sexta-feira\u00a0das 08:00h \u00e1s 18:00h e aos s\u00e1bados das 08:00h \u00e1s 16:00h.<\/div>\n<div>Maiores informa\u00e7\u00f5es, entrar em contato atrav\u00e9s dos fones: (81) 3634.1608 \/ 3634.1607<\/div>\n<\/div>\n<\/div>\n","protected":false},"excerpt":{"rendered":"<p>&nbsp; A C\u00e2mara de Dirigentes Lojistas de Surubim (CDL Surubim)\u00a0comunica a todos os associados e comunidade em geral que, a partir de segunda-feira (24) a entidade\u00a0ter\u00e1 novo hor\u00e1rio de funcionamento, abrir\u00e1 diariamente de segunda a sexta-feira\u00a0das 08:00h \u00e1s 18:00h e aos s\u00e1bados das 08:00h \u00e1s 16:00h. Maiores [&hellip;]<\/p>\n","protected":false},"author":2,"featured_media":912,"comment_status":"closed","ping_status":"open","sticky":false,"template":"","format":"standard","meta":{"footnotes":""},"categories":[4],"tags":[45,46],"class_list":["post-911","post","type-post","status-publish","format-standard","has-post-thumbnail","hentry","category-noticias","tag-comunicado-cdl-surubim","tag-novo-horario-de-funcionamento"],"_links":{"self":[{"href":"https:\/\/cdlsurubim.com.br\/site\/wp-json\/wp\/v2\/posts\/911","targetHints":{"allow":["GET"]}}],"collection":[{"href":"https:\/\/cdlsurubim.com.br\/site\/wp-json\/wp\/v2\/posts"}],"about":[{"href":"https:\/\/cdlsurubim.com.br\/site\/wp-json\/wp\/v2\/types\/post"}],"author":[{"embeddable":true,"href":"https:\/\/cdlsurubim.com.br\/site\/wp-json\/wp\/v2\/users\/2"}],"replies":[{"embeddable":true,"href":"https:\/\/cdlsurubim.com.br\/site\/wp-json\/wp\/v2\/comments?post=911"}],"version-history":[{"count":2,"href":"https:\/\/cdlsurubim.com.br\/site\/wp-json\/wp\/v2\/posts\/911\/revisions"}],"predecessor-version":[{"id":914,"href":"https:\/\/cdlsurubim.com.br\/site\/wp-json\/wp\/v2\/posts\/911\/revisions\/914"}],"wp:featuredmedia":[{"embeddable":true,"href":"https:\/\/cdlsurubim.com.br\/site\/wp-json\/wp\/v2\/media\/912"}],"wp:attachment":[{"href":"https:\/\/cdlsurubim.com.br\/site\/wp-json\/wp\/v2\/media?parent=911"}],"wp:term":[{"taxonomy":"category","embeddable":true,"href":"https:\/\/cdlsurubim.com.br\/site\/wp-json\/wp\/v2\/categories?post=911"},{"taxonomy":"post_tag","embeddable":true,"href":"https:\/\/cdlsurubim.com.br\/site\/wp-json\/wp\/v2\/tags?post=911"}],"curies":[{"name":"wp","href":"https:\/\/api.w.org\/{rel}","templated":true}]}}