{"id":69,"date":"2011-09-05T15:01:06","date_gmt":"2011-09-05T18:01:06","guid":{"rendered":"http:\/\/cdlsurubim.com.br\/site\/?p=69"},"modified":"2011-09-05T15:14:02","modified_gmt":"2011-09-05T18:14:02","slug":"diretores-e-empresarios-de-surubim-participam-da-23%c2%ba-convencao-estadual","status":"publish","type":"post","link":"https:\/\/cdlsurubim.com.br\/site\/2011\/09\/diretores-e-empresarios-de-surubim-participam-da-23%c2%ba-convencao-estadual\/","title":{"rendered":"Diretores e Empres\u00e1rios de Surubim participam da 23\u00ba Conven\u00e7\u00e3o Estadual."},"content":{"rendered":"<p>Realizou-se nos dias de \u00a004 a 07 de Agosto na cidade do Cabo de Santo Agostinho a 23\u00ba Conven\u00e7\u00e3o do Com\u00e9rcio Lojista de Pernambuco. Realizado pela FCDL de PE, o evento foi sediado no Vila Gal\u00e9 Eco Resort e contou com \u00a0palestras sobre o cotidiano empresarial.<\/p>\n\n<div class=\"ngg-galleryoverview\" id=\"ngg-gallery-1-69\">\n\n\n\t\n\t<!-- Thumbnails -->\n\t\t\n\t<div id=\"ngg-image-1\" class=\"ngg-gallery-thumbnail-box\"  >\n\t\t<div class=\"ngg-gallery-thumbnail\" >\n\t\t\t<a href=\"https:\/\/cdlsurubim.com.br\/site\/wp-content\/gallery\/convencao\/dsc_0367-small.jpg\" title=\" \" class=\"thickbox\" rel=\"set_1\" >\n\t\t\t\t\t\t\t\t<img loading=\"lazy\" decoding=\"async\" title=\"dsc_0367-small\" alt=\"dsc_0367-small\" src=\"https:\/\/cdlsurubim.com.br\/site\/wp-content\/gallery\/convencao\/thumbs\/thumbs_dsc_0367-small.jpg\" width=\"100\" height=\"75\" \/>\n\t\t\t\t\t\t\t<\/a>\n\t\t<\/div>\n\t<\/div>\n\t\n\t\t\n \t\t\n\t<div id=\"ngg-image-2\" class=\"ngg-gallery-thumbnail-box\"  >\n\t\t<div class=\"ngg-gallery-thumbnail\" >\n\t\t\t<a href=\"https:\/\/cdlsurubim.com.br\/site\/wp-content\/gallery\/convencao\/dsc_0515-small.jpg\" title=\" \" class=\"thickbox\" rel=\"set_1\" >\n\t\t\t\t\t\t\t\t<img loading=\"lazy\" decoding=\"async\" title=\"dsc_0515-small\" alt=\"dsc_0515-small\" src=\"https:\/\/cdlsurubim.com.br\/site\/wp-content\/gallery\/convencao\/thumbs\/thumbs_dsc_0515-small.jpg\" width=\"100\" height=\"75\" \/>\n\t\t\t\t\t\t\t<\/a>\n\t\t<\/div>\n\t<\/div>\n\t\n\t\t\n \t\t\n\t<div id=\"ngg-image-3\" class=\"ngg-gallery-thumbnail-box\"  >\n\t\t<div class=\"ngg-gallery-thumbnail\" >\n\t\t\t<a href=\"https:\/\/cdlsurubim.com.br\/site\/wp-content\/gallery\/convencao\/dsc_0518-small.jpg\" title=\" \" class=\"thickbox\" rel=\"set_1\" >\n\t\t\t\t\t\t\t\t<img loading=\"lazy\" decoding=\"async\" title=\"dsc_0518-small\" alt=\"dsc_0518-small\" src=\"https:\/\/cdlsurubim.com.br\/site\/wp-content\/gallery\/convencao\/thumbs\/thumbs_dsc_0518-small.jpg\" width=\"100\" height=\"75\" \/>\n\t\t\t\t\t\t\t<\/a>\n\t\t<\/div>\n\t<\/div>\n\t\n\t\t\n \t \t\n\t<!-- Pagination -->\n \t<div class='ngg-clear'><\/div>\n \t\n<\/div>\n\n\n","protected":false},"excerpt":{"rendered":"<p>Realizou-se nos dias de \u00a004 a 07 de Agosto na cidade do Cabo de Santo Agostinho a 23\u00ba Conven\u00e7\u00e3o do Com\u00e9rcio Lojista de Pernambuco. Realizado pela FCDL de PE, o evento foi sediado no Vila Gal\u00e9 Eco Resort e contou com \u00a0palestras sobre o cotidiano empresarial.<\/p>\n","protected":false},"author":2,"featured_media":72,"comment_status":"closed","ping_status":"open","sticky":false,"template":"","format":"standard","meta":{"footnotes":""},"categories":[4],"tags":[],"class_list":["post-69","post","type-post","status-publish","format-standard","has-post-thumbnail","hentry","category-noticias"],"_links":{"self":[{"href":"https:\/\/cdlsurubim.com.br\/site\/wp-json\/wp\/v2\/posts\/69","targetHints":{"allow":["GET"]}}],"collection":[{"href":"https:\/\/cdlsurubim.com.br\/site\/wp-json\/wp\/v2\/posts"}],"about":[{"href":"https:\/\/cdlsurubim.com.br\/site\/wp-json\/wp\/v2\/types\/post"}],"author":[{"embeddable":true,"href":"https:\/\/cdlsurubim.com.br\/site\/wp-json\/wp\/v2\/users\/2"}],"replies":[{"embeddable":true,"href":"https:\/\/cdlsurubim.com.br\/site\/wp-json\/wp\/v2\/comments?post=69"}],"version-history":[{"count":3,"href":"https:\/\/cdlsurubim.com.br\/site\/wp-json\/wp\/v2\/posts\/69\/revisions"}],"predecessor-version":[{"id":71,"href":"https:\/\/cdlsurubim.com.br\/site\/wp-json\/wp\/v2\/posts\/69\/revisions\/71"}],"wp:featuredmedia":[{"embeddable":true,"href":"https:\/\/cdlsurubim.com.br\/site\/wp-json\/wp\/v2\/media\/72"}],"wp:attachment":[{"href":"https:\/\/cdlsurubim.com.br\/site\/wp-json\/wp\/v2\/media?parent=69"}],"wp:term":[{"taxonomy":"category","embeddable":true,"href":"https:\/\/cdlsurubim.com.br\/site\/wp-json\/wp\/v2\/categories?post=69"},{"taxonomy":"post_tag","embeddable":true,"href":"https:\/\/cdlsurubim.com.br\/site\/wp-json\/wp\/v2\/tags?post=69"}],"curies":[{"name":"wp","href":"https:\/\/api.w.org\/{rel}","templated":true}]}}