{"id":402,"date":"2012-08-29T19:41:45","date_gmt":"2012-08-29T22:41:45","guid":{"rendered":"http:\/\/cdlsurubim.com.br\/site\/?p=402"},"modified":"2012-08-29T20:08:32","modified_gmt":"2012-08-29T23:08:32","slug":"ecom-e-sucesso-em-recife-e-cdl-surubim-presente-no-evento","status":"publish","type":"post","link":"https:\/\/cdlsurubim.com.br\/site\/2012\/08\/ecom-e-sucesso-em-recife-e-cdl-surubim-presente-no-evento\/","title":{"rendered":"ECOM \u00e9 sucesso em Recife e CDL Surubim esteve presente no evento"},"content":{"rendered":"<p>Mais de 400 pessoas participaram do Ecom 2012, em Recife, no dia 23 de agosto, no Golden Tulip Palace Recife. O evento, em Recife, apoiado pela FCDL-PE e CDLs de Pernambuco, contou com grandes palestras sobre com\u00e9rcio eletr\u00f4nico e internet. Al\u00e9m de um workshop para os participantes do evento e sorteio de brindes. Essa foi a segunda rodada do semin\u00e1rio, que percorre as 12 subsedes da Copa e \u00e9 organizada pela CNDL.<\/p>\n<p><strong>A C\u00e2mara de Dirijentes Lojistas de Surubim (CDL)<\/strong> marcou presen\u00e7a com o Consultor de Vendas Lu\u00eds Fernando Germano, que se mostrou muito satisfeito com o evento. \u201cFui privilegiado em participar do ECOM 2012, em pleno s\u00e9culo 21 precisamos ficar atualizados com as novas tecnologias, que n\u00e3o v\u00eam sozinhas, s\u00e3o seguidas de mudan\u00e7as sociais e culturais\u201d Explicou o Consultor Lu\u00eds. O evento trouxe muitas novidades, entre os temas abordados foram as redes sociais o qual pode-se e deve-se aplicar nas empresas, de forma gratuita e com um feedback a curto prazo\u201d, concluiu Germano.<\/p>\n<p>Fonte: FCDL &#8211; PE (adaptado)<\/p>\n<p><a href=\"http:\/\/cdlsurubim.com.br\/site\/wp-content\/uploads\/2012\/08\/ECOM-CDL-SURUBIM-1.jpg\"><img loading=\"lazy\" decoding=\"async\" class=\"aligncenter size-medium wp-image-404\" title=\"SAMSUNG\" src=\"http:\/\/cdlsurubim.com.br\/site\/wp-content\/uploads\/2012\/08\/ECOM-CDL-SURUBIM-1-300x225.jpg\" alt=\"\" width=\"300\" height=\"225\" srcset=\"https:\/\/cdlsurubim.com.br\/site\/wp-content\/uploads\/2012\/08\/ECOM-CDL-SURUBIM-1-300x225.jpg 300w, https:\/\/cdlsurubim.com.br\/site\/wp-content\/uploads\/2012\/08\/ECOM-CDL-SURUBIM-1.jpg 640w\" sizes=\"auto, (max-width: 300px) 100vw, 300px\" \/><\/a><\/p>\n","protected":false},"excerpt":{"rendered":"<p>Mais de 400 pessoas participaram do Ecom 2012, em Recife, no dia 23 de agosto, no Golden Tulip Palace Recife. O evento, em Recife, apoiado pela FCDL-PE e CDLs de Pernambuco, contou com grandes palestras sobre com\u00e9rcio eletr\u00f4nico e internet. Al\u00e9m de um workshop para os participantes [&hellip;]<\/p>\n","protected":false},"author":2,"featured_media":403,"comment_status":"closed","ping_status":"open","sticky":false,"template":"","format":"standard","meta":{"footnotes":""},"categories":[4],"tags":[],"class_list":["post-402","post","type-post","status-publish","format-standard","has-post-thumbnail","hentry","category-noticias"],"_links":{"self":[{"href":"https:\/\/cdlsurubim.com.br\/site\/wp-json\/wp\/v2\/posts\/402","targetHints":{"allow":["GET"]}}],"collection":[{"href":"https:\/\/cdlsurubim.com.br\/site\/wp-json\/wp\/v2\/posts"}],"about":[{"href":"https:\/\/cdlsurubim.com.br\/site\/wp-json\/wp\/v2\/types\/post"}],"author":[{"embeddable":true,"href":"https:\/\/cdlsurubim.com.br\/site\/wp-json\/wp\/v2\/users\/2"}],"replies":[{"embeddable":true,"href":"https:\/\/cdlsurubim.com.br\/site\/wp-json\/wp\/v2\/comments?post=402"}],"version-history":[{"count":6,"href":"https:\/\/cdlsurubim.com.br\/site\/wp-json\/wp\/v2\/posts\/402\/revisions"}],"predecessor-version":[{"id":406,"href":"https:\/\/cdlsurubim.com.br\/site\/wp-json\/wp\/v2\/posts\/402\/revisions\/406"}],"wp:featuredmedia":[{"embeddable":true,"href":"https:\/\/cdlsurubim.com.br\/site\/wp-json\/wp\/v2\/media\/403"}],"wp:attachment":[{"href":"https:\/\/cdlsurubim.com.br\/site\/wp-json\/wp\/v2\/media?parent=402"}],"wp:term":[{"taxonomy":"category","embeddable":true,"href":"https:\/\/cdlsurubim.com.br\/site\/wp-json\/wp\/v2\/categories?post=402"},{"taxonomy":"post_tag","embeddable":true,"href":"https:\/\/cdlsurubim.com.br\/site\/wp-json\/wp\/v2\/tags?post=402"}],"curies":[{"name":"wp","href":"https:\/\/api.w.org\/{rel}","templated":true}]}}