{"id":397,"date":"2012-08-17T09:27:00","date_gmt":"2012-08-17T12:27:00","guid":{"rendered":"http:\/\/cdlsurubim.com.br\/site\/?p=397"},"modified":"2012-08-17T11:11:03","modified_gmt":"2012-08-17T14:11:03","slug":"cdl-surubim-realizara-programa-de-treinamento-empresarial","status":"publish","type":"post","link":"https:\/\/cdlsurubim.com.br\/site\/2012\/08\/cdl-surubim-realizara-programa-de-treinamento-empresarial\/","title":{"rendered":"CDL Surubim realizar\u00e1 Programa de Treinamento Empresarial"},"content":{"rendered":"<p>Em parceria com a Integrum, empresa especializada em capacita\u00e7\u00f5es empresariais, a C\u00e2mara dos Dirigentes Lojistas de Surubim (CDL) realizar\u00e1 entre os dias 27 de Agosto a 06 de setembro, a partir das 19h, no audit\u00f3rio de sua sede, um programa de treinamento com os seguintes temas: <strong>Atendimento 3-D e Negocia\u00e7\u00e3o e Vendas 3.0.<\/strong><\/p>\n<p>O programa ser\u00e1 proferido pelo consultor Vital Souza, o primeiro tema abordado do programa ser\u00e1 entre os dias 27 a 30 de agosto e tem por objetivo desenvolver nos Operadores, uma vis\u00e3o sist\u00eamica do Ponto de Vendas. O \u00faltimo tema ser\u00e1 Negocia\u00e7\u00e3o e Vendas 3.0, que acontecer\u00e1 entre os dias 03 a 06 de setembro e tem por objetivo desenvolver nos operadores, uma vis\u00e3o sist\u00eamica do processo de vendas, dando-lhe ferramentas que integrem suas habilidades t\u00e9cnicas com as interpessoais, para que possam construir uma argumenta\u00e7\u00e3o de vendas eficaz e adequada a cada cliente, explicou Vital.<\/p>\n<p>Mais informa\u00e7\u00f5es ligue para a CDL &#8211; 3634.1607 \/ 1608 ou atrav\u00e9s do e-mail: cdlsurubim@hotmail.com.<\/p>\n<p><strong>Consultor<\/strong>\u00a0\u2013 Vital Souza \u00e9 consultor de marketing e desenvolvimento humano, especialista em varejo e possui larga experi\u00eancia em vendas e gest\u00e3o de neg\u00f3cios. J\u00e1 atuou em grandes grupos privados, a exemplo da BUNGE, Sadia e Rede Smart. Nos \u00faltimos 10 anos vem desenvolvendo atividades de gest\u00e3o e consultorias voltadas \u00e0s Redes de Coopera\u00e7\u00e3o Empresarial (Associativismo).<\/p>\n","protected":false},"excerpt":{"rendered":"<p>Em parceria com a Integrum, empresa especializada em capacita\u00e7\u00f5es empresariais, a C\u00e2mara dos Dirigentes Lojistas de Surubim (CDL) realizar\u00e1 entre os dias 27 de Agosto a 06 de setembro, a partir das 19h, no audit\u00f3rio de sua sede, um programa de treinamento com os seguintes temas: Atendimento [&hellip;]<\/p>\n","protected":false},"author":2,"featured_media":398,"comment_status":"closed","ping_status":"open","sticky":false,"template":"","format":"standard","meta":{"footnotes":""},"categories":[4],"tags":[],"class_list":["post-397","post","type-post","status-publish","format-standard","has-post-thumbnail","hentry","category-noticias"],"_links":{"self":[{"href":"https:\/\/cdlsurubim.com.br\/site\/wp-json\/wp\/v2\/posts\/397","targetHints":{"allow":["GET"]}}],"collection":[{"href":"https:\/\/cdlsurubim.com.br\/site\/wp-json\/wp\/v2\/posts"}],"about":[{"href":"https:\/\/cdlsurubim.com.br\/site\/wp-json\/wp\/v2\/types\/post"}],"author":[{"embeddable":true,"href":"https:\/\/cdlsurubim.com.br\/site\/wp-json\/wp\/v2\/users\/2"}],"replies":[{"embeddable":true,"href":"https:\/\/cdlsurubim.com.br\/site\/wp-json\/wp\/v2\/comments?post=397"}],"version-history":[{"count":3,"href":"https:\/\/cdlsurubim.com.br\/site\/wp-json\/wp\/v2\/posts\/397\/revisions"}],"predecessor-version":[{"id":400,"href":"https:\/\/cdlsurubim.com.br\/site\/wp-json\/wp\/v2\/posts\/397\/revisions\/400"}],"wp:featuredmedia":[{"embeddable":true,"href":"https:\/\/cdlsurubim.com.br\/site\/wp-json\/wp\/v2\/media\/398"}],"wp:attachment":[{"href":"https:\/\/cdlsurubim.com.br\/site\/wp-json\/wp\/v2\/media?parent=397"}],"wp:term":[{"taxonomy":"category","embeddable":true,"href":"https:\/\/cdlsurubim.com.br\/site\/wp-json\/wp\/v2\/categories?post=397"},{"taxonomy":"post_tag","embeddable":true,"href":"https:\/\/cdlsurubim.com.br\/site\/wp-json\/wp\/v2\/tags?post=397"}],"curies":[{"name":"wp","href":"https:\/\/api.w.org\/{rel}","templated":true}]}}