{"id":372,"date":"2012-07-16T10:03:50","date_gmt":"2012-07-16T13:03:50","guid":{"rendered":"http:\/\/cdlsurubim.com.br\/site\/?p=372"},"modified":"2012-07-16T11:03:51","modified_gmt":"2012-07-16T14:03:51","slug":"16-de-julho-dia-do-comerciante","status":"publish","type":"post","link":"https:\/\/cdlsurubim.com.br\/site\/2012\/07\/16-de-julho-dia-do-comerciante\/","title":{"rendered":"A CDL SURUBIM parabeniza a todos os Comerciantes pelo seu dia!"},"content":{"rendered":"<p>A C\u00e2mara de Dirigentes Lojistas de Surubim (CDL) \u00a0parabeniza aos empres\u00e1rios e deseja-lhe um \u00f3timo dia e reafirma a import\u00e2ncia destes empreendedores para o crescimento s\u00f3cio-econ\u00f4mico do munic\u00edpio e regi\u00e3o.<a href=\"http:\/\/cdlsurubim.com.br\/site\/wp-content\/uploads\/2012\/07\/DIA-DO-COMERCIANTE-Medium.jpg\"><img loading=\"lazy\" decoding=\"async\" class=\"aligncenter size-medium wp-image-373\" title=\"DIA DO COMERCIANTE (Medium)\" src=\"http:\/\/cdlsurubim.com.br\/site\/wp-content\/uploads\/2012\/07\/DIA-DO-COMERCIANTE-Medium-200x300.jpg\" alt=\"\" width=\"200\" height=\"300\" srcset=\"https:\/\/cdlsurubim.com.br\/site\/wp-content\/uploads\/2012\/07\/DIA-DO-COMERCIANTE-Medium-200x300.jpg 200w, https:\/\/cdlsurubim.com.br\/site\/wp-content\/uploads\/2012\/07\/DIA-DO-COMERCIANTE-Medium.jpg 512w\" sizes=\"auto, (max-width: 200px) 100vw, 200px\" \/><\/a><\/p>\n","protected":false},"excerpt":{"rendered":"<p>A C\u00e2mara de Dirigentes Lojistas de Surubim (CDL) \u00a0parabeniza aos empres\u00e1rios e deseja-lhe um \u00f3timo dia e reafirma a import\u00e2ncia destes empreendedores para o crescimento s\u00f3cio-econ\u00f4mico do munic\u00edpio e regi\u00e3o.<\/p>\n","protected":false},"author":2,"featured_media":0,"comment_status":"closed","ping_status":"open","sticky":false,"template":"","format":"standard","meta":{"footnotes":""},"categories":[4],"tags":[],"class_list":["post-372","post","type-post","status-publish","format-standard","hentry","category-noticias"],"_links":{"self":[{"href":"https:\/\/cdlsurubim.com.br\/site\/wp-json\/wp\/v2\/posts\/372","targetHints":{"allow":["GET"]}}],"collection":[{"href":"https:\/\/cdlsurubim.com.br\/site\/wp-json\/wp\/v2\/posts"}],"about":[{"href":"https:\/\/cdlsurubim.com.br\/site\/wp-json\/wp\/v2\/types\/post"}],"author":[{"embeddable":true,"href":"https:\/\/cdlsurubim.com.br\/site\/wp-json\/wp\/v2\/users\/2"}],"replies":[{"embeddable":true,"href":"https:\/\/cdlsurubim.com.br\/site\/wp-json\/wp\/v2\/comments?post=372"}],"version-history":[{"count":4,"href":"https:\/\/cdlsurubim.com.br\/site\/wp-json\/wp\/v2\/posts\/372\/revisions"}],"predecessor-version":[{"id":375,"href":"https:\/\/cdlsurubim.com.br\/site\/wp-json\/wp\/v2\/posts\/372\/revisions\/375"}],"wp:attachment":[{"href":"https:\/\/cdlsurubim.com.br\/site\/wp-json\/wp\/v2\/media?parent=372"}],"wp:term":[{"taxonomy":"category","embeddable":true,"href":"https:\/\/cdlsurubim.com.br\/site\/wp-json\/wp\/v2\/categories?post=372"},{"taxonomy":"post_tag","embeddable":true,"href":"https:\/\/cdlsurubim.com.br\/site\/wp-json\/wp\/v2\/tags?post=372"}],"curies":[{"name":"wp","href":"https:\/\/api.w.org\/{rel}","templated":true}]}}