{"id":3710,"date":"2026-09-04T14:51:06","date_gmt":"2026-09-04T17:51:06","guid":{"rendered":"https:\/\/cdlsurubim.com.br\/site\/?p=3710"},"modified":"2026-09-04T14:51:06","modified_gmt":"2026-09-04T17:51:06","slug":"comunicado-cdl-7-de-setembro-dia-da-independencia-do-brasil-2","status":"publish","type":"post","link":"https:\/\/cdlsurubim.com.br\/site\/2026\/09\/comunicado-cdl-7-de-setembro-dia-da-independencia-do-brasil-2\/","title":{"rendered":"Comunicado CDL: 7 de setembro, Dia da Independ\u00eancia do Brasil"},"content":{"rendered":"\n<p class=\"has-text-align-left\">A C\u00e2mara de Dirigentes Lojistas de Surubim (CDL Surubim) comunica a todos os associados e comunidade em geral que, em virtude do feriado do Dia da Independ\u00eancia do Brasil, a entidade n\u00e3o estar\u00e1 funcionando na segunda-feira, 7 de setembro. Informa ainda que retorna na ter\u00e7a-feira (8) com expediente normal a partir de 08h. Contudo, o feriado n\u00e3o impede que algum lojista possa abrir seu com\u00e9rcio. Por\u00e9m, os direitos trabalhistas devem ser pagos de acordo com a legisla\u00e7\u00e3o.<\/p>\n\n\n\n<p class=\"has-text-align-left\">Lembrete: A CDL Surubim mudou para uma nova sede, localizada na Rua Luciano Medeiros, n\u00ba 115, bairro Cabaceira, rua do Cart\u00f3rio Eleitoral, OAB, ao lado do 22\u00ba BPM e pr\u00f3ximo \u00e0 C\u00e2mara de Vereadores.<\/p>\n","protected":false},"excerpt":{"rendered":"<p>A C\u00e2mara de Dirigentes Lojistas de Surubim (CDL Surubim) comunica a todos os associados e comunidade em geral que, em virtude do feriado do Dia da Independ\u00eancia do Brasil, a entidade n\u00e3o estar\u00e1 funcionando na segunda-feira, 7 de setembro. Informa ainda que retorna na ter\u00e7a-feira (8) com [&hellip;]<\/p>\n","protected":false},"author":2,"featured_media":0,"comment_status":"closed","ping_status":"open","sticky":false,"template":"","format":"standard","meta":{"footnotes":""},"categories":[4],"tags":[],"class_list":["post-3710","post","type-post","status-publish","format-standard","hentry","category-noticias"],"_links":{"self":[{"href":"https:\/\/cdlsurubim.com.br\/site\/wp-json\/wp\/v2\/posts\/3710","targetHints":{"allow":["GET"]}}],"collection":[{"href":"https:\/\/cdlsurubim.com.br\/site\/wp-json\/wp\/v2\/posts"}],"about":[{"href":"https:\/\/cdlsurubim.com.br\/site\/wp-json\/wp\/v2\/types\/post"}],"author":[{"embeddable":true,"href":"https:\/\/cdlsurubim.com.br\/site\/wp-json\/wp\/v2\/users\/2"}],"replies":[{"embeddable":true,"href":"https:\/\/cdlsurubim.com.br\/site\/wp-json\/wp\/v2\/comments?post=3710"}],"version-history":[{"count":1,"href":"https:\/\/cdlsurubim.com.br\/site\/wp-json\/wp\/v2\/posts\/3710\/revisions"}],"predecessor-version":[{"id":3711,"href":"https:\/\/cdlsurubim.com.br\/site\/wp-json\/wp\/v2\/posts\/3710\/revisions\/3711"}],"wp:attachment":[{"href":"https:\/\/cdlsurubim.com.br\/site\/wp-json\/wp\/v2\/media?parent=3710"}],"wp:term":[{"taxonomy":"category","embeddable":true,"href":"https:\/\/cdlsurubim.com.br\/site\/wp-json\/wp\/v2\/categories?post=3710"},{"taxonomy":"post_tag","embeddable":true,"href":"https:\/\/cdlsurubim.com.br\/site\/wp-json\/wp\/v2\/tags?post=3710"}],"curies":[{"name":"wp","href":"https:\/\/api.w.org\/{rel}","templated":true}]}}