{"id":3703,"date":"2026-04-01T12:56:37","date_gmt":"2026-04-01T15:56:37","guid":{"rendered":"https:\/\/cdlsurubim.com.br\/site\/?p=3703"},"modified":"2026-04-01T12:56:37","modified_gmt":"2026-04-01T15:56:37","slug":"comunicado-cdl-sexta-feira-santa-feriado-municipal-de-surubim-5","status":"publish","type":"post","link":"https:\/\/cdlsurubim.com.br\/site\/2026\/04\/comunicado-cdl-sexta-feira-santa-feriado-municipal-de-surubim-5\/","title":{"rendered":"Comunicado CDL: Sexta-Feira Santa, feriado municipal de Surubim"},"content":{"rendered":"\n<p>A C\u00e2mara de Dirigentes Lojistas de Surubim (CDL Surubim) comunica a todos os associados e comunidade em geral que, em virtude do feriado municipal, Sexta-Feira Santa (data m\u00f3vel \u2013 03\/04\/2026), a entidade n\u00e3o estar\u00e1 funcionando. Informa ainda que retorna no s\u00e1bado (04) com expediente das 08h \u00e0s 12h. Contudo, o feriado n\u00e3o impede que algum lojista possa abrir seu com\u00e9rcio. Por\u00e9m, os direitos trabalhistas devem ser pagos de acordo com a legisla\u00e7\u00e3o.<\/p>\n","protected":false},"excerpt":{"rendered":"<p>A C\u00e2mara de Dirigentes Lojistas de Surubim (CDL Surubim) comunica a todos os associados e comunidade em geral que, em virtude do feriado municipal, Sexta-Feira Santa (data m\u00f3vel \u2013 03\/04\/2026), a entidade n\u00e3o estar\u00e1 funcionando. Informa ainda que retorna no s\u00e1bado (04) com expediente das 08h \u00e0s [&hellip;]<\/p>\n","protected":false},"author":2,"featured_media":0,"comment_status":"closed","ping_status":"open","sticky":false,"template":"","format":"standard","meta":{"footnotes":""},"categories":[4],"tags":[],"class_list":["post-3703","post","type-post","status-publish","format-standard","hentry","category-noticias"],"_links":{"self":[{"href":"https:\/\/cdlsurubim.com.br\/site\/wp-json\/wp\/v2\/posts\/3703","targetHints":{"allow":["GET"]}}],"collection":[{"href":"https:\/\/cdlsurubim.com.br\/site\/wp-json\/wp\/v2\/posts"}],"about":[{"href":"https:\/\/cdlsurubim.com.br\/site\/wp-json\/wp\/v2\/types\/post"}],"author":[{"embeddable":true,"href":"https:\/\/cdlsurubim.com.br\/site\/wp-json\/wp\/v2\/users\/2"}],"replies":[{"embeddable":true,"href":"https:\/\/cdlsurubim.com.br\/site\/wp-json\/wp\/v2\/comments?post=3703"}],"version-history":[{"count":1,"href":"https:\/\/cdlsurubim.com.br\/site\/wp-json\/wp\/v2\/posts\/3703\/revisions"}],"predecessor-version":[{"id":3704,"href":"https:\/\/cdlsurubim.com.br\/site\/wp-json\/wp\/v2\/posts\/3703\/revisions\/3704"}],"wp:attachment":[{"href":"https:\/\/cdlsurubim.com.br\/site\/wp-json\/wp\/v2\/media?parent=3703"}],"wp:term":[{"taxonomy":"category","embeddable":true,"href":"https:\/\/cdlsurubim.com.br\/site\/wp-json\/wp\/v2\/categories?post=3703"},{"taxonomy":"post_tag","embeddable":true,"href":"https:\/\/cdlsurubim.com.br\/site\/wp-json\/wp\/v2\/tags?post=3703"}],"curies":[{"name":"wp","href":"https:\/\/api.w.org\/{rel}","templated":true}]}}