{"id":3531,"date":"2024-08-28T17:01:38","date_gmt":"2024-08-28T20:01:38","guid":{"rendered":"https:\/\/cdlsurubim.com.br\/site\/?p=3531"},"modified":"2024-08-28T17:35:54","modified_gmt":"2024-08-28T20:35:54","slug":"cdl-surubim-completa-26-anos-de-reabertura","status":"publish","type":"post","link":"https:\/\/cdlsurubim.com.br\/site\/2024\/08\/cdl-surubim-completa-26-anos-de-reabertura\/","title":{"rendered":"CDL Surubim completa 26 anos de reabertura"},"content":{"rendered":"<p style=\"text-align: justify;\"><a href=\"https:\/\/cdlsurubim.com.br\/site\/wp-content\/uploads\/2024\/08\/26-anos.png\" rel=\"attachment wp-att-3532\"><img loading=\"lazy\" decoding=\"async\" class=\"wp-image-3532 alignleft\" src=\"https:\/\/cdlsurubim.com.br\/site\/wp-content\/uploads\/2024\/08\/26-anos-300x300.png\" alt=\"26 anos\" width=\"249\" height=\"249\" srcset=\"https:\/\/cdlsurubim.com.br\/site\/wp-content\/uploads\/2024\/08\/26-anos-300x300.png 300w, https:\/\/cdlsurubim.com.br\/site\/wp-content\/uploads\/2024\/08\/26-anos-150x150.png 150w, https:\/\/cdlsurubim.com.br\/site\/wp-content\/uploads\/2024\/08\/26-anos-768x768.png 768w, https:\/\/cdlsurubim.com.br\/site\/wp-content\/uploads\/2024\/08\/26-anos-1024x1024.png 1024w, https:\/\/cdlsurubim.com.br\/site\/wp-content\/uploads\/2024\/08\/26-anos.png 1058w\" sizes=\"auto, (max-width: 249px) 100vw, 249px\" \/><\/a>A C\u00e2mara de Dirigentes Lojistas de Surubim, completa hoje, dia 28 de agosto, 26 anos de reabertura. Ao longo desses anos temos nos dedicado incansavelmente em promover a uni\u00e3o, fortalecimento do com\u00e9rcio varejista e os setores de servi\u00e7os de Surubim e da regi\u00e3o. Al\u00e9m de contribuir para o desenvolvimento social e econ\u00f4mico de nossa comunidade.<\/p>\n<p style=\"text-align: justify;\">Neste momento de celebra\u00e7\u00e3o, queremos expressar nossa gratid\u00e3o a todos que contribu\u00edram para o crescimento e sucesso de nossa CDL ao longo desses anos. Agradecemos aos membros diretores, associados, colaboradores e parceiros por sua dedica\u00e7\u00e3o e empenho. A participa\u00e7\u00e3o de cada \u00e9 muito importante para cumprirmos nossa miss\u00e3o.<\/p>\n","protected":false},"excerpt":{"rendered":"<p>A C\u00e2mara de Dirigentes Lojistas de Surubim, completa hoje, dia 28 de agosto, 26 anos de reabertura. Ao longo desses anos temos nos dedicado incansavelmente em promover a uni\u00e3o, fortalecimento do com\u00e9rcio varejista e os setores de servi\u00e7os de Surubim e da regi\u00e3o. Al\u00e9m de contribuir para [&hellip;]<\/p>\n","protected":false},"author":2,"featured_media":3532,"comment_status":"closed","ping_status":"open","sticky":false,"template":"","format":"standard","meta":{"footnotes":""},"categories":[4],"tags":[],"class_list":["post-3531","post","type-post","status-publish","format-standard","has-post-thumbnail","hentry","category-noticias"],"_links":{"self":[{"href":"https:\/\/cdlsurubim.com.br\/site\/wp-json\/wp\/v2\/posts\/3531","targetHints":{"allow":["GET"]}}],"collection":[{"href":"https:\/\/cdlsurubim.com.br\/site\/wp-json\/wp\/v2\/posts"}],"about":[{"href":"https:\/\/cdlsurubim.com.br\/site\/wp-json\/wp\/v2\/types\/post"}],"author":[{"embeddable":true,"href":"https:\/\/cdlsurubim.com.br\/site\/wp-json\/wp\/v2\/users\/2"}],"replies":[{"embeddable":true,"href":"https:\/\/cdlsurubim.com.br\/site\/wp-json\/wp\/v2\/comments?post=3531"}],"version-history":[{"count":2,"href":"https:\/\/cdlsurubim.com.br\/site\/wp-json\/wp\/v2\/posts\/3531\/revisions"}],"predecessor-version":[{"id":3534,"href":"https:\/\/cdlsurubim.com.br\/site\/wp-json\/wp\/v2\/posts\/3531\/revisions\/3534"}],"wp:featuredmedia":[{"embeddable":true,"href":"https:\/\/cdlsurubim.com.br\/site\/wp-json\/wp\/v2\/media\/3532"}],"wp:attachment":[{"href":"https:\/\/cdlsurubim.com.br\/site\/wp-json\/wp\/v2\/media?parent=3531"}],"wp:term":[{"taxonomy":"category","embeddable":true,"href":"https:\/\/cdlsurubim.com.br\/site\/wp-json\/wp\/v2\/categories?post=3531"},{"taxonomy":"post_tag","embeddable":true,"href":"https:\/\/cdlsurubim.com.br\/site\/wp-json\/wp\/v2\/tags?post=3531"}],"curies":[{"name":"wp","href":"https:\/\/api.w.org\/{rel}","templated":true}]}}