{"id":3524,"date":"2024-08-10T12:05:47","date_gmt":"2024-08-10T15:05:47","guid":{"rendered":"https:\/\/cdlsurubim.com.br\/site\/?p=3524"},"modified":"2024-08-10T12:09:41","modified_gmt":"2024-08-10T15:09:41","slug":"cdl-emite-nota-de-pesar-pela-morte-do-empresario-e-vereador-de-surubim-fabricio-brito","status":"publish","type":"post","link":"https:\/\/cdlsurubim.com.br\/site\/2024\/08\/cdl-emite-nota-de-pesar-pela-morte-do-empresario-e-vereador-de-surubim-fabricio-brito\/","title":{"rendered":"CDL emite nota de pesar pela morte do empres\u00e1rio e vereador de Surubim, Fabr\u00edcio Brito"},"content":{"rendered":"<p style=\"text-align: justify;\">A C\u00e2mara de Dirigentes Lojistas de Surubim, em nome de seu presidente, \u00c1lvaro Ricardo, diretores e colaboradores, v\u00eam de p\u00fablico manifestar o mais profundo pesar pelo falecimento do empres\u00e1rio e vereador de Surubim, Fabr\u00edcio Gon\u00e7alves de Brito, ocorrido nesta sexta-feira (9).<\/p>\n<p style=\"text-align: justify;\">A CDL aproveita a oportunidade para agradecer a importante colabora\u00e7\u00e3o de Fabr\u00edcio Brito ao movimento lojista do munic\u00edpio, al\u00e9m de vereador, ele ocupou a presid\u00eancia da C\u00e2mara por seis bi\u00eanios, era tamb\u00e9m diretor da R\u00e1dio Pop FM. Muito respeitosamente, prestamos as nossas condol\u00eancias e deixamos os nossos mais sinceros p\u00easames.<\/p>\n<p style=\"text-align: justify;\"><a href=\"https:\/\/cdlsurubim.com.br\/site\/wp-content\/uploads\/2024\/08\/WhatsApp-Image-2024-08-10-at-12.00.35.jpeg\" rel=\"attachment wp-att-3525\"><img loading=\"lazy\" decoding=\"async\" class=\"aligncenter size-medium wp-image-3525\" src=\"https:\/\/cdlsurubim.com.br\/site\/wp-content\/uploads\/2024\/08\/WhatsApp-Image-2024-08-10-at-12.00.35-300x199.jpeg\" alt=\"WhatsApp Image 2024-08-10 at 12.00.35\" width=\"300\" height=\"199\" srcset=\"https:\/\/cdlsurubim.com.br\/site\/wp-content\/uploads\/2024\/08\/WhatsApp-Image-2024-08-10-at-12.00.35-300x199.jpeg 300w, https:\/\/cdlsurubim.com.br\/site\/wp-content\/uploads\/2024\/08\/WhatsApp-Image-2024-08-10-at-12.00.35-768x508.jpeg 768w, https:\/\/cdlsurubim.com.br\/site\/wp-content\/uploads\/2024\/08\/WhatsApp-Image-2024-08-10-at-12.00.35-1024x678.jpeg 1024w, https:\/\/cdlsurubim.com.br\/site\/wp-content\/uploads\/2024\/08\/WhatsApp-Image-2024-08-10-at-12.00.35.jpeg 1280w\" sizes=\"auto, (max-width: 300px) 100vw, 300px\" \/><\/a><\/p>\n<p style=\"text-align: justify;\"><a href=\"https:\/\/cdlsurubim.com.br\/site\/wp-content\/uploads\/2024\/08\/WhatsApp-Image-2024-08-10-at-12.03.47.jpeg\" rel=\"attachment wp-att-3526\"><img loading=\"lazy\" decoding=\"async\" class=\"aligncenter size-medium wp-image-3526\" src=\"https:\/\/cdlsurubim.com.br\/site\/wp-content\/uploads\/2024\/08\/WhatsApp-Image-2024-08-10-at-12.03.47-267x300.jpeg\" alt=\"WhatsApp Image 2024-08-10 at 12.03.47\" width=\"267\" height=\"300\" srcset=\"https:\/\/cdlsurubim.com.br\/site\/wp-content\/uploads\/2024\/08\/WhatsApp-Image-2024-08-10-at-12.03.47-267x300.jpeg 267w, https:\/\/cdlsurubim.com.br\/site\/wp-content\/uploads\/2024\/08\/WhatsApp-Image-2024-08-10-at-12.03.47-768x863.jpeg 768w, https:\/\/cdlsurubim.com.br\/site\/wp-content\/uploads\/2024\/08\/WhatsApp-Image-2024-08-10-at-12.03.47.jpeg 880w\" sizes=\"auto, (max-width: 267px) 100vw, 267px\" \/><\/a><\/p>\n","protected":false},"excerpt":{"rendered":"<p>A C\u00e2mara de Dirigentes Lojistas de Surubim, em nome de seu presidente, \u00c1lvaro Ricardo, diretores e colaboradores, v\u00eam de p\u00fablico manifestar o mais profundo pesar pelo falecimento do empres\u00e1rio e vereador de Surubim, Fabr\u00edcio Gon\u00e7alves de Brito, ocorrido nesta sexta-feira (9). A CDL aproveita a oportunidade para [&hellip;]<\/p>\n","protected":false},"author":2,"featured_media":3527,"comment_status":"closed","ping_status":"open","sticky":false,"template":"","format":"standard","meta":{"footnotes":""},"categories":[4],"tags":[],"class_list":["post-3524","post","type-post","status-publish","format-standard","has-post-thumbnail","hentry","category-noticias"],"_links":{"self":[{"href":"https:\/\/cdlsurubim.com.br\/site\/wp-json\/wp\/v2\/posts\/3524","targetHints":{"allow":["GET"]}}],"collection":[{"href":"https:\/\/cdlsurubim.com.br\/site\/wp-json\/wp\/v2\/posts"}],"about":[{"href":"https:\/\/cdlsurubim.com.br\/site\/wp-json\/wp\/v2\/types\/post"}],"author":[{"embeddable":true,"href":"https:\/\/cdlsurubim.com.br\/site\/wp-json\/wp\/v2\/users\/2"}],"replies":[{"embeddable":true,"href":"https:\/\/cdlsurubim.com.br\/site\/wp-json\/wp\/v2\/comments?post=3524"}],"version-history":[{"count":2,"href":"https:\/\/cdlsurubim.com.br\/site\/wp-json\/wp\/v2\/posts\/3524\/revisions"}],"predecessor-version":[{"id":3529,"href":"https:\/\/cdlsurubim.com.br\/site\/wp-json\/wp\/v2\/posts\/3524\/revisions\/3529"}],"wp:featuredmedia":[{"embeddable":true,"href":"https:\/\/cdlsurubim.com.br\/site\/wp-json\/wp\/v2\/media\/3527"}],"wp:attachment":[{"href":"https:\/\/cdlsurubim.com.br\/site\/wp-json\/wp\/v2\/media?parent=3524"}],"wp:term":[{"taxonomy":"category","embeddable":true,"href":"https:\/\/cdlsurubim.com.br\/site\/wp-json\/wp\/v2\/categories?post=3524"},{"taxonomy":"post_tag","embeddable":true,"href":"https:\/\/cdlsurubim.com.br\/site\/wp-json\/wp\/v2\/tags?post=3524"}],"curies":[{"name":"wp","href":"https:\/\/api.w.org\/{rel}","templated":true}]}}