{"id":3467,"date":"2024-02-02T09:20:04","date_gmt":"2024-02-02T12:20:04","guid":{"rendered":"http:\/\/cdlsurubim.com.br\/site\/?p=3467"},"modified":"2024-02-02T09:35:54","modified_gmt":"2024-02-02T12:35:54","slug":"cdl-surubim-realiza-posse-da-nova-diretoria","status":"publish","type":"post","link":"https:\/\/cdlsurubim.com.br\/site\/2024\/02\/cdl-surubim-realiza-posse-da-nova-diretoria\/","title":{"rendered":"CDL Surubim realiza posse da nova diretoria"},"content":{"rendered":"<p style=\"text-align: justify;\">A nova diretoria da C\u00e2mara de Dirigentes Lojistas de Surubim (CDL Surubim) tomou posse na noite desta quinta (1) para o tri\u00eanio 2024-2026. A chapa composta por 16 s\u00f3cios foi eleita em novembro de 2023.<\/p>\n<p style=\"text-align: justify;\">O novo presidente disse que assume o cargo com responsabilidade, enfatizando a for\u00e7a do com\u00e9rcio local. Ele atuou como vice-presidente na \u00faltima gest\u00e3o, e faz parte do quadro de diretores h\u00e1 seis anos. Empossado, \u00c1lvaro Ricardo prometeu manter e buscar novas parcerias objetivando o fortalecimento do com\u00e9rcio surubinense. \u201cSabemos da\u00a0responsabilidade e do trabalho que teremos a frente, somando for\u00e7as vamos superar os desafios. Aproveito para agradecer aos diretores que me confiaram seus nomes e seguir\u00e3o conosco durante os pr\u00f3ximos tr\u00eas anos, aos associados, colaboradores, e meus familiares pelo apoio\u201d, declarou \u00c1lvaro.<\/p>\n<p style=\"text-align: justify;\">Em 2024, a CDL Surubim completa 26 anos de servi\u00e7os prestados no com\u00e9rcio local e regional.<\/p>\n<p style=\"text-align: justify;\">\n<p><strong>Diretoria da CDL Surubim para o tri\u00eanio 2024-2026<img loading=\"lazy\" decoding=\"async\" class=\"size-medium wp-image-3469 alignright\" src=\"http:\/\/cdlsurubim.com.br\/site\/wp-content\/uploads\/2024\/02\/WhatsApp-Image-2024-02-02-at-09.13.41-300x225.jpeg\" alt=\"WhatsApp Image 2024-02-02 at 09.13.41\" width=\"300\" height=\"225\" srcset=\"https:\/\/cdlsurubim.com.br\/site\/wp-content\/uploads\/2024\/02\/WhatsApp-Image-2024-02-02-at-09.13.41-300x225.jpeg 300w, https:\/\/cdlsurubim.com.br\/site\/wp-content\/uploads\/2024\/02\/WhatsApp-Image-2024-02-02-at-09.13.41-768x576.jpeg 768w, https:\/\/cdlsurubim.com.br\/site\/wp-content\/uploads\/2024\/02\/WhatsApp-Image-2024-02-02-at-09.13.41-1024x768.jpeg 1024w, https:\/\/cdlsurubim.com.br\/site\/wp-content\/uploads\/2024\/02\/WhatsApp-Image-2024-02-02-at-09.13.41.jpeg 1600w\" sizes=\"auto, (max-width: 300px) 100vw, 300px\" \/><\/strong><\/p>\n<p><strong>Presidente:<\/strong>\u00a0\u00c1lvaro Ricardo Andrade Silva<\/p>\n<p><strong>Vice-Presidente:<\/strong>\u00a0Alcides de Sousa Leal Filho<\/p>\n<p><strong>2\u00ba Vice-Presidente:<\/strong>\u00a0Irnalva Lucinda Lucena<\/p>\n<p><strong>Diretor Administrativo:<\/strong>\u00a0Il\u00e1rio Ant\u00f4nio do Nascimento Pio<\/p>\n<p><strong>Vice-Diretor Administrativo:<\/strong>\u00a0Roberta Keila de\u00a0Aguiar e Silva Queiroz.<\/p>\n<p><strong>Diretor 1\u00ba Secret\u00e1rio:<\/strong>\u00a0Daniel dos Santos Sales<\/p>\n<p><strong>Diretor 2\u00ba Secret\u00e1rio:<\/strong>\u00a0Roberto do Nascimento Mateus<\/p>\n<p><strong>Diretor de SPC:<\/strong>\u00a0Carlos Eduardo N\u00f3brega Albuquerque<\/p>\n<p><strong>Diretor de Marketing:<\/strong>\u00a0Evalda Virg\u00ednia do Nascimento do Pio<\/p>\n<p><strong>\u00a0Diretor de Eventos:<\/strong>\u00a0Edson Henrique da Silva<\/p>\n<p><strong>Conselho Fiscal:<\/strong>\u00a0Jos\u00e9 Arn\u00f3bio Barbosa Lima, L\u00edvio Aguiar de Arruda, Avanilson Mariano Silva.<\/p>\n<p><strong>Suplentes:<\/strong>\u00a0Ana Meirilane de Fran\u00e7a, Severina Elaine Barros da Silva, Jos\u00e9 Everaldo Arruda da Silva.<\/p>\n<p style=\"text-align: justify;\"><a href=\"http:\/\/cdlsurubim.com.br\/site\/wp-content\/uploads\/2024\/02\/CDL-Surubim-realiza-posse-da-nova-diretoria-2024-2026.jpg\" rel=\"attachment wp-att-3471\"><img loading=\"lazy\" decoding=\"async\" class=\"aligncenter size-medium wp-image-3471\" src=\"http:\/\/cdlsurubim.com.br\/site\/wp-content\/uploads\/2024\/02\/CDL-Surubim-realiza-posse-da-nova-diretoria-2024-2026-300x225.jpg\" alt=\"CDL Surubim realiza posse da nova diretoria - 2024-2026\" width=\"300\" height=\"225\" srcset=\"https:\/\/cdlsurubim.com.br\/site\/wp-content\/uploads\/2024\/02\/CDL-Surubim-realiza-posse-da-nova-diretoria-2024-2026-300x225.jpg 300w, https:\/\/cdlsurubim.com.br\/site\/wp-content\/uploads\/2024\/02\/CDL-Surubim-realiza-posse-da-nova-diretoria-2024-2026-768x576.jpg 768w, https:\/\/cdlsurubim.com.br\/site\/wp-content\/uploads\/2024\/02\/CDL-Surubim-realiza-posse-da-nova-diretoria-2024-2026-1024x768.jpg 1024w, https:\/\/cdlsurubim.com.br\/site\/wp-content\/uploads\/2024\/02\/CDL-Surubim-realiza-posse-da-nova-diretoria-2024-2026.jpg 1600w\" sizes=\"auto, (max-width: 300px) 100vw, 300px\" \/><\/a><\/p>\n<p style=\"text-align: justify;\"><img loading=\"lazy\" decoding=\"async\" class=\"aligncenter size-medium wp-image-3470\" src=\"http:\/\/cdlsurubim.com.br\/site\/wp-content\/uploads\/2024\/02\/WhatsApp-Image-2024-02-02-at-09.12.29-300x231.jpeg\" alt=\"WhatsApp Image 2024-02-02 at 09.12.29\" width=\"300\" height=\"231\" srcset=\"https:\/\/cdlsurubim.com.br\/site\/wp-content\/uploads\/2024\/02\/WhatsApp-Image-2024-02-02-at-09.12.29-300x231.jpeg 300w, https:\/\/cdlsurubim.com.br\/site\/wp-content\/uploads\/2024\/02\/WhatsApp-Image-2024-02-02-at-09.12.29-768x590.jpeg 768w, https:\/\/cdlsurubim.com.br\/site\/wp-content\/uploads\/2024\/02\/WhatsApp-Image-2024-02-02-at-09.12.29-1024x787.jpeg 1024w, https:\/\/cdlsurubim.com.br\/site\/wp-content\/uploads\/2024\/02\/WhatsApp-Image-2024-02-02-at-09.12.29.jpeg 1600w\" sizes=\"auto, (max-width: 300px) 100vw, 300px\" \/><\/p>\n","protected":false},"excerpt":{"rendered":"<p>A nova diretoria da C\u00e2mara de Dirigentes Lojistas de Surubim (CDL Surubim) tomou posse na noite desta quinta (1) para o tri\u00eanio 2024-2026. A chapa composta por 16 s\u00f3cios foi eleita em novembro de 2023. O novo presidente disse que assume o cargo com responsabilidade, enfatizando a [&hellip;]<\/p>\n","protected":false},"author":2,"featured_media":3471,"comment_status":"closed","ping_status":"open","sticky":false,"template":"","format":"standard","meta":{"footnotes":""},"categories":[4],"tags":[],"class_list":["post-3467","post","type-post","status-publish","format-standard","has-post-thumbnail","hentry","category-noticias"],"_links":{"self":[{"href":"https:\/\/cdlsurubim.com.br\/site\/wp-json\/wp\/v2\/posts\/3467","targetHints":{"allow":["GET"]}}],"collection":[{"href":"https:\/\/cdlsurubim.com.br\/site\/wp-json\/wp\/v2\/posts"}],"about":[{"href":"https:\/\/cdlsurubim.com.br\/site\/wp-json\/wp\/v2\/types\/post"}],"author":[{"embeddable":true,"href":"https:\/\/cdlsurubim.com.br\/site\/wp-json\/wp\/v2\/users\/2"}],"replies":[{"embeddable":true,"href":"https:\/\/cdlsurubim.com.br\/site\/wp-json\/wp\/v2\/comments?post=3467"}],"version-history":[{"count":3,"href":"https:\/\/cdlsurubim.com.br\/site\/wp-json\/wp\/v2\/posts\/3467\/revisions"}],"predecessor-version":[{"id":3474,"href":"https:\/\/cdlsurubim.com.br\/site\/wp-json\/wp\/v2\/posts\/3467\/revisions\/3474"}],"wp:featuredmedia":[{"embeddable":true,"href":"https:\/\/cdlsurubim.com.br\/site\/wp-json\/wp\/v2\/media\/3471"}],"wp:attachment":[{"href":"https:\/\/cdlsurubim.com.br\/site\/wp-json\/wp\/v2\/media?parent=3467"}],"wp:term":[{"taxonomy":"category","embeddable":true,"href":"https:\/\/cdlsurubim.com.br\/site\/wp-json\/wp\/v2\/categories?post=3467"},{"taxonomy":"post_tag","embeddable":true,"href":"https:\/\/cdlsurubim.com.br\/site\/wp-json\/wp\/v2\/tags?post=3467"}],"curies":[{"name":"wp","href":"https:\/\/api.w.org\/{rel}","templated":true}]}}