{"id":3462,"date":"2024-01-15T14:20:34","date_gmt":"2024-01-15T17:20:34","guid":{"rendered":"http:\/\/cdlsurubim.com.br\/site\/?p=3462"},"modified":"2024-01-15T14:21:43","modified_gmt":"2024-01-15T17:21:43","slug":"comunicado-cdl-20-de-janeiro-feriado-municipal-dia-de-sao-sebastiao","status":"publish","type":"post","link":"https:\/\/cdlsurubim.com.br\/site\/2024\/01\/comunicado-cdl-20-de-janeiro-feriado-municipal-dia-de-sao-sebastiao\/","title":{"rendered":"Comunicado CDL: 20 de janeiro, feriado municipal, Dia de S\u00e3o Sebasti\u00e3o"},"content":{"rendered":"<p>A C\u00e2mara d<a href=\"http:\/\/cdlsurubim.com.br\/site\/wp-content\/uploads\/2023\/09\/WhatsApp-Image-2023-09-06-at-08.44.19.jpeg\" rel=\"attachment wp-att-3387\"><img loading=\"lazy\" decoding=\"async\" class=\"wp-image-3387 alignleft\" src=\"http:\/\/cdlsurubim.com.br\/site\/wp-content\/uploads\/2023\/09\/WhatsApp-Image-2023-09-06-at-08.44.19-204x300.jpeg\" alt=\"WhatsApp Image 2023-09-06 at 08.44.19\" width=\"142\" height=\"210\" srcset=\"https:\/\/cdlsurubim.com.br\/site\/wp-content\/uploads\/2023\/09\/WhatsApp-Image-2023-09-06-at-08.44.19-204x300.jpeg 204w, https:\/\/cdlsurubim.com.br\/site\/wp-content\/uploads\/2023\/09\/WhatsApp-Image-2023-09-06-at-08.44.19-768x1129.jpeg 768w, https:\/\/cdlsurubim.com.br\/site\/wp-content\/uploads\/2023\/09\/WhatsApp-Image-2023-09-06-at-08.44.19-697x1024.jpeg 697w, https:\/\/cdlsurubim.com.br\/site\/wp-content\/uploads\/2023\/09\/WhatsApp-Image-2023-09-06-at-08.44.19.jpeg 820w\" sizes=\"auto, (max-width: 142px) 100vw, 142px\" \/><\/a>e Dirigentes Lojistas de Surubim (CDL Surubim) comunica a todos os associados e comunidade em geral que, em virtude do feriado municipal de S\u00e3o Sebasti\u00e3o, a entidade n\u00e3o estar\u00e1 funcionando no s\u00e1bado, (20-01). Informa ainda que retorna na segunda-feira (22) com expediente normal a partir de 08h. Contudo, o feriado n\u00e3o impede que algum lojista possa abrir seu com\u00e9rcio. Por\u00e9m, os direitos trabalhistas devem ser pagos de acordo com a legisla\u00e7\u00e3o.<\/p>\n","protected":false},"excerpt":{"rendered":"<p>A C\u00e2mara de Dirigentes Lojistas de Surubim (CDL Surubim) comunica a todos os associados e comunidade em geral que, em virtude do feriado municipal de S\u00e3o Sebasti\u00e3o, a entidade n\u00e3o estar\u00e1 funcionando no s\u00e1bado, (20-01). Informa ainda que retorna na segunda-feira (22) com expediente normal a partir [&hellip;]<\/p>\n","protected":false},"author":2,"featured_media":3387,"comment_status":"closed","ping_status":"open","sticky":false,"template":"","format":"standard","meta":{"footnotes":""},"categories":[4],"tags":[],"class_list":["post-3462","post","type-post","status-publish","format-standard","has-post-thumbnail","hentry","category-noticias"],"_links":{"self":[{"href":"https:\/\/cdlsurubim.com.br\/site\/wp-json\/wp\/v2\/posts\/3462","targetHints":{"allow":["GET"]}}],"collection":[{"href":"https:\/\/cdlsurubim.com.br\/site\/wp-json\/wp\/v2\/posts"}],"about":[{"href":"https:\/\/cdlsurubim.com.br\/site\/wp-json\/wp\/v2\/types\/post"}],"author":[{"embeddable":true,"href":"https:\/\/cdlsurubim.com.br\/site\/wp-json\/wp\/v2\/users\/2"}],"replies":[{"embeddable":true,"href":"https:\/\/cdlsurubim.com.br\/site\/wp-json\/wp\/v2\/comments?post=3462"}],"version-history":[{"count":2,"href":"https:\/\/cdlsurubim.com.br\/site\/wp-json\/wp\/v2\/posts\/3462\/revisions"}],"predecessor-version":[{"id":3464,"href":"https:\/\/cdlsurubim.com.br\/site\/wp-json\/wp\/v2\/posts\/3462\/revisions\/3464"}],"wp:featuredmedia":[{"embeddable":true,"href":"https:\/\/cdlsurubim.com.br\/site\/wp-json\/wp\/v2\/media\/3387"}],"wp:attachment":[{"href":"https:\/\/cdlsurubim.com.br\/site\/wp-json\/wp\/v2\/media?parent=3462"}],"wp:term":[{"taxonomy":"category","embeddable":true,"href":"https:\/\/cdlsurubim.com.br\/site\/wp-json\/wp\/v2\/categories?post=3462"},{"taxonomy":"post_tag","embeddable":true,"href":"https:\/\/cdlsurubim.com.br\/site\/wp-json\/wp\/v2\/tags?post=3462"}],"curies":[{"name":"wp","href":"https:\/\/api.w.org\/{rel}","templated":true}]}}