{"id":345,"date":"2012-07-04T15:33:29","date_gmt":"2012-07-04T18:33:29","guid":{"rendered":"http:\/\/cdlsurubim.com.br\/site\/?p=345"},"modified":"2012-07-04T15:33:29","modified_gmt":"2012-07-04T18:33:29","slug":"venda-de-carro-aumenta-40-em-pernambuco","status":"publish","type":"post","link":"https:\/\/cdlsurubim.com.br\/site\/2012\/07\/venda-de-carro-aumenta-40-em-pernambuco\/","title":{"rendered":"Venda de carro aumenta 40% em Pernambuco"},"content":{"rendered":"<p>O setor automotivo do Estado j\u00e1 sente o impacto das medidas federais de redu\u00e7\u00e3o do Imposto sobre Produtos Industrializados (IPI) e tamb\u00e9m do Imposto sobre Opera\u00e7\u00f5es Financeiras (IOF) para o cr\u00e9dito a pessoas f\u00edsicas desde maio e que seguem at\u00e9 agosto. Em junho, o n\u00famero de carros emplacados teve um aumento de 40,8% comparado a maio, segundo dados do Departamento Estadual de Tr\u00e2nsito de Pernambuco (Detran-PE). O n\u00famero foi o maior registrado no Estado nos \u00faltimos 18 meses.<\/p>\n<p>De acordo com os dados do Detran-PE, foram 8.101 emplacamentos de autom\u00f3veis no Estado em junho, ante os 5.816 registrados em maio. Ao todo, foram emplacados 18.120 ve\u00edculos no Estado, entre autom\u00f3veis, motos e outros ve\u00edculos como caminh\u00f5es, \u00f4nibus, tratores e utilit\u00e1rios. No acumulado do ano, o Detran-PE j\u00e1 realizou emplacamento de 96.951 ve\u00edculos.<\/p>\n<p><strong>NACIONAL<\/strong>\u00a0&#8211; O total de ve\u00edculos emplacados em junho foi de 353.201 unidades, alta de 16,06% em rela\u00e7\u00e3o ao mesmo per\u00edodo do ano passado, informou a Federa\u00e7\u00e3o Nacional da Distribui\u00e7\u00e3o de Ve\u00edculos Automotores (Fenabrave). Sobre o m\u00eas de maio, o n\u00famero de emplacamentos subiu 22,86%. Os dados referem-se \u00e0 venda de autom\u00f3veis, comerciais leves, caminh\u00f5es e \u00f4nibus.<\/p>\n<p>Apenas sobre venda de autom\u00f3veis e comerciais leves, foram emplacadas 340.706 unidades em junho, alta de 18,75% ante junho de 2011 e aumento de 24,18% sobre maio. Incluindo-se motocicletas, implementos rodovi\u00e1rios, m\u00e1quinas agr\u00edcolas e outros, as vendas cresceram 2,21% ante junho de 2011, para 493.512 unidades. Na compara\u00e7\u00e3o com maio deste ano, houve alta de 8,46%.<\/p>\n<p>Fonte: JC Online \/ Foto: Alexandre Gondim\/JC Imagem<\/p>\n<h4><\/h4>\n","protected":false},"excerpt":{"rendered":"<p>O setor automotivo do Estado j\u00e1 sente o impacto das medidas federais de redu\u00e7\u00e3o do Imposto sobre Produtos Industrializados (IPI) e tamb\u00e9m do Imposto sobre Opera\u00e7\u00f5es Financeiras (IOF) para o cr\u00e9dito a pessoas f\u00edsicas desde maio e que seguem at\u00e9 agosto. Em junho, o n\u00famero de carros [&hellip;]<\/p>\n","protected":false},"author":2,"featured_media":346,"comment_status":"closed","ping_status":"open","sticky":false,"template":"","format":"standard","meta":{"footnotes":""},"categories":[4],"tags":[],"class_list":["post-345","post","type-post","status-publish","format-standard","has-post-thumbnail","hentry","category-noticias"],"_links":{"self":[{"href":"https:\/\/cdlsurubim.com.br\/site\/wp-json\/wp\/v2\/posts\/345","targetHints":{"allow":["GET"]}}],"collection":[{"href":"https:\/\/cdlsurubim.com.br\/site\/wp-json\/wp\/v2\/posts"}],"about":[{"href":"https:\/\/cdlsurubim.com.br\/site\/wp-json\/wp\/v2\/types\/post"}],"author":[{"embeddable":true,"href":"https:\/\/cdlsurubim.com.br\/site\/wp-json\/wp\/v2\/users\/2"}],"replies":[{"embeddable":true,"href":"https:\/\/cdlsurubim.com.br\/site\/wp-json\/wp\/v2\/comments?post=345"}],"version-history":[{"count":1,"href":"https:\/\/cdlsurubim.com.br\/site\/wp-json\/wp\/v2\/posts\/345\/revisions"}],"predecessor-version":[{"id":347,"href":"https:\/\/cdlsurubim.com.br\/site\/wp-json\/wp\/v2\/posts\/345\/revisions\/347"}],"wp:featuredmedia":[{"embeddable":true,"href":"https:\/\/cdlsurubim.com.br\/site\/wp-json\/wp\/v2\/media\/346"}],"wp:attachment":[{"href":"https:\/\/cdlsurubim.com.br\/site\/wp-json\/wp\/v2\/media?parent=345"}],"wp:term":[{"taxonomy":"category","embeddable":true,"href":"https:\/\/cdlsurubim.com.br\/site\/wp-json\/wp\/v2\/categories?post=345"},{"taxonomy":"post_tag","embeddable":true,"href":"https:\/\/cdlsurubim.com.br\/site\/wp-json\/wp\/v2\/tags?post=345"}],"curies":[{"name":"wp","href":"https:\/\/api.w.org\/{rel}","templated":true}]}}