{"id":3381,"date":"2023-08-28T08:44:28","date_gmt":"2023-08-28T11:44:28","guid":{"rendered":"http:\/\/cdlsurubim.com.br\/site\/?p=3381"},"modified":"2023-08-28T08:46:07","modified_gmt":"2023-08-28T11:46:07","slug":"%ef%bb%bf-cdl-surubim-completa-25-anos-de-reabertura","status":"publish","type":"post","link":"https:\/\/cdlsurubim.com.br\/site\/2023\/08\/%ef%bb%bf-cdl-surubim-completa-25-anos-de-reabertura\/","title":{"rendered":"CDL Surubim completa 25 anos de reabertura"},"content":{"rendered":"<p>&nbsp;<\/p>\n<p style=\"text-align: justify;\">A C\u00e2mara de Dirigentes Lojistas de Surubim, completa hoje, dia 28 de agosto, 25 anos de reabertura. A CDL busca promover solu\u00e7\u00f5es para o com\u00e9rcio varejista e os setores de servi\u00e7os de Surubim e da regi\u00e3o, e tamb\u00e9m contribuir para o desenvolvimento social e econ\u00f4mico de nossa comunidade. A entidade destaca-se por sua for\u00e7a e influ\u00eancia na melhoria do ambiente de neg\u00f3cios de Surubim.<\/p>\n<p style=\"text-align: justify;\"><a href=\"http:\/\/cdlsurubim.com.br\/site\/wp-content\/uploads\/2023\/08\/MIDIA-DIGITAL-CDL-25-ANOS-28-08-2023.png\" rel=\"attachment wp-att-3382\"><img loading=\"lazy\" decoding=\"async\" class=\"aligncenter wp-image-3382\" src=\"http:\/\/cdlsurubim.com.br\/site\/wp-content\/uploads\/2023\/08\/MIDIA-DIGITAL-CDL-25-ANOS-28-08-2023-300x300.png\" alt=\"MIDIA DIGITAL - CDL 25 ANOS - 28-08-2023\" width=\"403\" height=\"403\" srcset=\"https:\/\/cdlsurubim.com.br\/site\/wp-content\/uploads\/2023\/08\/MIDIA-DIGITAL-CDL-25-ANOS-28-08-2023-300x300.png 300w, https:\/\/cdlsurubim.com.br\/site\/wp-content\/uploads\/2023\/08\/MIDIA-DIGITAL-CDL-25-ANOS-28-08-2023-150x150.png 150w, https:\/\/cdlsurubim.com.br\/site\/wp-content\/uploads\/2023\/08\/MIDIA-DIGITAL-CDL-25-ANOS-28-08-2023-768x768.png 768w, https:\/\/cdlsurubim.com.br\/site\/wp-content\/uploads\/2023\/08\/MIDIA-DIGITAL-CDL-25-ANOS-28-08-2023-1024x1024.png 1024w\" sizes=\"auto, (max-width: 403px) 100vw, 403px\" \/><\/a><\/p>\n<p style=\"text-align: justify;\">\n","protected":false},"excerpt":{"rendered":"<p>&nbsp; A C\u00e2mara de Dirigentes Lojistas de Surubim, completa hoje, dia 28 de agosto, 25 anos de reabertura. A CDL busca promover solu\u00e7\u00f5es para o com\u00e9rcio varejista e os setores de servi\u00e7os de Surubim e da regi\u00e3o, e tamb\u00e9m contribuir para o desenvolvimento social e econ\u00f4mico de [&hellip;]<\/p>\n","protected":false},"author":2,"featured_media":3382,"comment_status":"closed","ping_status":"open","sticky":false,"template":"","format":"standard","meta":{"footnotes":""},"categories":[4],"tags":[],"class_list":["post-3381","post","type-post","status-publish","format-standard","has-post-thumbnail","hentry","category-noticias"],"_links":{"self":[{"href":"https:\/\/cdlsurubim.com.br\/site\/wp-json\/wp\/v2\/posts\/3381","targetHints":{"allow":["GET"]}}],"collection":[{"href":"https:\/\/cdlsurubim.com.br\/site\/wp-json\/wp\/v2\/posts"}],"about":[{"href":"https:\/\/cdlsurubim.com.br\/site\/wp-json\/wp\/v2\/types\/post"}],"author":[{"embeddable":true,"href":"https:\/\/cdlsurubim.com.br\/site\/wp-json\/wp\/v2\/users\/2"}],"replies":[{"embeddable":true,"href":"https:\/\/cdlsurubim.com.br\/site\/wp-json\/wp\/v2\/comments?post=3381"}],"version-history":[{"count":2,"href":"https:\/\/cdlsurubim.com.br\/site\/wp-json\/wp\/v2\/posts\/3381\/revisions"}],"predecessor-version":[{"id":3384,"href":"https:\/\/cdlsurubim.com.br\/site\/wp-json\/wp\/v2\/posts\/3381\/revisions\/3384"}],"wp:featuredmedia":[{"embeddable":true,"href":"https:\/\/cdlsurubim.com.br\/site\/wp-json\/wp\/v2\/media\/3382"}],"wp:attachment":[{"href":"https:\/\/cdlsurubim.com.br\/site\/wp-json\/wp\/v2\/media?parent=3381"}],"wp:term":[{"taxonomy":"category","embeddable":true,"href":"https:\/\/cdlsurubim.com.br\/site\/wp-json\/wp\/v2\/categories?post=3381"},{"taxonomy":"post_tag","embeddable":true,"href":"https:\/\/cdlsurubim.com.br\/site\/wp-json\/wp\/v2\/tags?post=3381"}],"curies":[{"name":"wp","href":"https:\/\/api.w.org\/{rel}","templated":true}]}}