{"id":3374,"date":"2023-08-16T13:38:22","date_gmt":"2023-08-16T16:38:22","guid":{"rendered":"http:\/\/cdlsurubim.com.br\/site\/?p=3374"},"modified":"2023-08-16T13:58:33","modified_gmt":"2023-08-16T16:58:33","slug":"cdl-surubim-prestigia-lancamento-da-agenda-do-lider-do-agreste-central-e-setentrional-em-caruaru","status":"publish","type":"post","link":"https:\/\/cdlsurubim.com.br\/site\/2023\/08\/cdl-surubim-prestigia-lancamento-da-agenda-do-lider-do-agreste-central-e-setentrional-em-caruaru\/","title":{"rendered":"CDL Surubim prestigia lan\u00e7amento da Agenda do LIDER do Agreste Central e Setentrional, em Caruaru"},"content":{"rendered":"<p style=\"text-align: justify;\">Aconteceu na no<a href=\"http:\/\/cdlsurubim.com.br\/site\/wp-content\/uploads\/2023\/08\/CDL-Surubim-prestigia-lan\u00e7amento-da-Agenda-do-LIDER-do-Agreste-Central-e-Setentrional-em-Caruaru.jpg\" rel=\"attachment wp-att-3375\"><img loading=\"lazy\" decoding=\"async\" class=\"alignleft wp-image-3375\" src=\"http:\/\/cdlsurubim.com.br\/site\/wp-content\/uploads\/2023\/08\/CDL-Surubim-prestigia-lan\u00e7amento-da-Agenda-do-LIDER-do-Agreste-Central-e-Setentrional-em-Caruaru-300x225.jpg\" alt=\"CDL Surubim prestigia lan\u00e7amento da Agenda do LIDER do Agreste Central e Setentrional, em Caruaru\" width=\"290\" height=\"217\" srcset=\"https:\/\/cdlsurubim.com.br\/site\/wp-content\/uploads\/2023\/08\/CDL-Surubim-prestigia-lan\u00e7amento-da-Agenda-do-LIDER-do-Agreste-Central-e-Setentrional-em-Caruaru-300x225.jpg 300w, https:\/\/cdlsurubim.com.br\/site\/wp-content\/uploads\/2023\/08\/CDL-Surubim-prestigia-lan\u00e7amento-da-Agenda-do-LIDER-do-Agreste-Central-e-Setentrional-em-Caruaru-768x576.jpg 768w, https:\/\/cdlsurubim.com.br\/site\/wp-content\/uploads\/2023\/08\/CDL-Surubim-prestigia-lan\u00e7amento-da-Agenda-do-LIDER-do-Agreste-Central-e-Setentrional-em-Caruaru.jpg 1024w\" sizes=\"auto, (max-width: 290px) 100vw, 290px\" \/><\/a>ite desta ter\u00e7a-feira (15), em Caruaru, o lan\u00e7amento da Agenda de Desenvolvimento do Agreste Central, Setentrional e Arcoverde, feita por representantes de 11 munic\u00edpios, inclusive Surubim, durante o Programa LIDER, do Sebrae. A C\u00e2mara de Dirigentes Lojistas de Surubim, esteve representada por seu presidente Il\u00e1rio Pio, e do vice-presidente \u00c1lvaro Ricardo. Ambos foram acompanhados pelo Vener\u00e1vel Mestre da Loja Ma\u00e7\u00f4nica Uni\u00e3o e Fraternidade Surubinense, Francisco Ramos e do administrador Aldo Donato. Outros empres\u00e1rios surubinenses tamb\u00e9m marcaram presen\u00e7a.<\/p>\n<p style=\"text-align: justify;\">Destacamos e parabenizamos a participa\u00e7\u00e3o ativa da gerente do Sesc Ler Surubim, Nelma Farias, no programa. O programa LIDER \u00e9 uma iniciativa do Sebrae que busca mobilizar, sensibilizar, organizar e qualificar as lideran\u00e7as dos diversos setores da sociedade para construir e implementar agendas de desenvolvimento econ\u00f4mico para os territ\u00f3rios brasileiros.<\/p>\n","protected":false},"excerpt":{"rendered":"<p>Aconteceu na noite desta ter\u00e7a-feira (15), em Caruaru, o lan\u00e7amento da Agenda de Desenvolvimento do Agreste Central, Setentrional e Arcoverde, feita por representantes de 11 munic\u00edpios, inclusive Surubim, durante o Programa LIDER, do Sebrae. A C\u00e2mara de Dirigentes Lojistas de Surubim, esteve representada por seu presidente Il\u00e1rio [&hellip;]<\/p>\n","protected":false},"author":2,"featured_media":3375,"comment_status":"closed","ping_status":"open","sticky":false,"template":"","format":"standard","meta":{"footnotes":""},"categories":[4],"tags":[],"class_list":["post-3374","post","type-post","status-publish","format-standard","has-post-thumbnail","hentry","category-noticias"],"_links":{"self":[{"href":"https:\/\/cdlsurubim.com.br\/site\/wp-json\/wp\/v2\/posts\/3374","targetHints":{"allow":["GET"]}}],"collection":[{"href":"https:\/\/cdlsurubim.com.br\/site\/wp-json\/wp\/v2\/posts"}],"about":[{"href":"https:\/\/cdlsurubim.com.br\/site\/wp-json\/wp\/v2\/types\/post"}],"author":[{"embeddable":true,"href":"https:\/\/cdlsurubim.com.br\/site\/wp-json\/wp\/v2\/users\/2"}],"replies":[{"embeddable":true,"href":"https:\/\/cdlsurubim.com.br\/site\/wp-json\/wp\/v2\/comments?post=3374"}],"version-history":[{"count":4,"href":"https:\/\/cdlsurubim.com.br\/site\/wp-json\/wp\/v2\/posts\/3374\/revisions"}],"predecessor-version":[{"id":3379,"href":"https:\/\/cdlsurubim.com.br\/site\/wp-json\/wp\/v2\/posts\/3374\/revisions\/3379"}],"wp:featuredmedia":[{"embeddable":true,"href":"https:\/\/cdlsurubim.com.br\/site\/wp-json\/wp\/v2\/media\/3375"}],"wp:attachment":[{"href":"https:\/\/cdlsurubim.com.br\/site\/wp-json\/wp\/v2\/media?parent=3374"}],"wp:term":[{"taxonomy":"category","embeddable":true,"href":"https:\/\/cdlsurubim.com.br\/site\/wp-json\/wp\/v2\/categories?post=3374"},{"taxonomy":"post_tag","embeddable":true,"href":"https:\/\/cdlsurubim.com.br\/site\/wp-json\/wp\/v2\/tags?post=3374"}],"curies":[{"name":"wp","href":"https:\/\/api.w.org\/{rel}","templated":true}]}}