{"id":331,"date":"2012-07-03T15:58:42","date_gmt":"2012-07-03T18:58:42","guid":{"rendered":"http:\/\/cdlsurubim.com.br\/site\/?p=331"},"modified":"2012-07-04T15:52:08","modified_gmt":"2012-07-04T18:52:08","slug":"o-sr-adjar-soares-da-silva-reassumiu-a-presidencia-da-fcdl-pe","status":"publish","type":"post","link":"https:\/\/cdlsurubim.com.br\/site\/2012\/07\/o-sr-adjar-soares-da-silva-reassumiu-a-presidencia-da-fcdl-pe\/","title":{"rendered":"Adjar Soares volta a presid\u00eancia da FCDL-PE"},"content":{"rendered":"<p>O empres\u00e1rio Adjar Soares da Silva voltou ao cargo de Presidente da FCDL-PE ap\u00f3s quase um m\u00eas de afastamento. No per\u00edodo, a FCDL-PE foi dirigida pelo 2\u00ba vice presidente, o Sr. francisco Moreira Teixeira.<\/p>\n<p>Fonte: FCDL PE \/ Foto: CNDL<\/p>\n","protected":false},"excerpt":{"rendered":"<p>O empres\u00e1rio Adjar Soares da Silva voltou ao cargo de Presidente da FCDL-PE ap\u00f3s quase um m\u00eas de afastamento. No per\u00edodo, a FCDL-PE foi dirigida pelo 2\u00ba vice presidente, o Sr. francisco Moreira Teixeira. Fonte: FCDL PE \/ Foto: CNDL<\/p>\n","protected":false},"author":2,"featured_media":332,"comment_status":"closed","ping_status":"open","sticky":false,"template":"","format":"standard","meta":{"footnotes":""},"categories":[4],"tags":[],"class_list":["post-331","post","type-post","status-publish","format-standard","has-post-thumbnail","hentry","category-noticias"],"_links":{"self":[{"href":"https:\/\/cdlsurubim.com.br\/site\/wp-json\/wp\/v2\/posts\/331","targetHints":{"allow":["GET"]}}],"collection":[{"href":"https:\/\/cdlsurubim.com.br\/site\/wp-json\/wp\/v2\/posts"}],"about":[{"href":"https:\/\/cdlsurubim.com.br\/site\/wp-json\/wp\/v2\/types\/post"}],"author":[{"embeddable":true,"href":"https:\/\/cdlsurubim.com.br\/site\/wp-json\/wp\/v2\/users\/2"}],"replies":[{"embeddable":true,"href":"https:\/\/cdlsurubim.com.br\/site\/wp-json\/wp\/v2\/comments?post=331"}],"version-history":[{"count":3,"href":"https:\/\/cdlsurubim.com.br\/site\/wp-json\/wp\/v2\/posts\/331\/revisions"}],"predecessor-version":[{"id":334,"href":"https:\/\/cdlsurubim.com.br\/site\/wp-json\/wp\/v2\/posts\/331\/revisions\/334"}],"wp:featuredmedia":[{"embeddable":true,"href":"https:\/\/cdlsurubim.com.br\/site\/wp-json\/wp\/v2\/media\/332"}],"wp:attachment":[{"href":"https:\/\/cdlsurubim.com.br\/site\/wp-json\/wp\/v2\/media?parent=331"}],"wp:term":[{"taxonomy":"category","embeddable":true,"href":"https:\/\/cdlsurubim.com.br\/site\/wp-json\/wp\/v2\/categories?post=331"},{"taxonomy":"post_tag","embeddable":true,"href":"https:\/\/cdlsurubim.com.br\/site\/wp-json\/wp\/v2\/tags?post=331"}],"curies":[{"name":"wp","href":"https:\/\/api.w.org\/{rel}","templated":true}]}}