{"id":3306,"date":"2023-03-13T15:21:27","date_gmt":"2023-03-13T18:21:27","guid":{"rendered":"http:\/\/cdlsurubim.com.br\/site\/?p=3306"},"modified":"2023-03-13T15:22:45","modified_gmt":"2023-03-13T18:22:45","slug":"cdl-surubim-abre-inscricoes-para-oficina-com-o-tema-imagem-pessoal-e-postura-profissional","status":"publish","type":"post","link":"https:\/\/cdlsurubim.com.br\/site\/2023\/03\/cdl-surubim-abre-inscricoes-para-oficina-com-o-tema-imagem-pessoal-e-postura-profissional\/","title":{"rendered":"CDL Surubim abre inscri\u00e7\u00f5es para Oficina com o tema: Imagem Pessoal e Postura Profissional"},"content":{"rendered":"<p style=\"text-align: justify;\">A import\u00e2ncia da imagem pessoal para a carreira \u00e9 um t\u00f3pico comumente negligenciado pelos profissionais. De acordo com uma pesquisa da consultoria Robert Half, a maioria dos funcion\u00e1rios brasileiros se vestem e se comportam de forma inadequada no ambiente de trabalho.<\/p>\n<p style=\"text-align: justify;\">Entender a necessidade do cuidado pessoal, influencia completamente a posi\u00e7\u00e3o no ambiente de trabalho. Isso cria tamb\u00e9m muitas oportunidades.<\/p>\n<p style=\"text-align: justify;\">A imagem pessoal n\u00e3o est\u00e1 relacionada apenas as vestimentas. Ela tamb\u00e9m \u00e9 transmitida por meio dos gestos, postura e linguagem. Na entrevista de emprego ou na hora de constituir a sua rede de networking a imagem pessoal poder\u00e1 melhorar a concep\u00e7\u00e3o inicial acerca das suas qualidades. A imagem pessoal nada mais \u00e9 do que buscar transmitir as suas qualidades atrav\u00e9s de elementos mais visuais.<\/p>\n<p style=\"text-align: justify;\">Diante da import\u00e2ncia do tema, em parceria com o Servi\u00e7o Brasileiro de Apoio \u00e0s Micro e Pequenas Empresas (Sebrae), a C\u00e2mara de Dirigentes Lojistas de Surubim (CDL) realizar\u00e1 no pr\u00f3ximos dias 22 e 23 de mar\u00e7o, a partir das 18h, a Oficina: Imagem Pessoal e Postura Profissional.<\/p>\n<p style=\"text-align: justify;\">O evento ser\u00e1 na sede da CDL, na Avenida Agamenon Magalh\u00e3es, 272, no Centro. A Oficina ser\u00e1 direcionada aos empres\u00e1rios, colaboradores e p\u00fablico em geral.<\/p>\n<p style=\"text-align: justify;\"><strong>As reservas para participar da oficina devem ser feitas no balc\u00e3o de atendimento da CDL Surubim. Mais informa\u00e7\u00f5es, atrav\u00e9s dos telefones (81) 3634.1608 ou tamb\u00e9m 9 9938.6355. Vagas limitadas.<\/strong><\/p>\n<p style=\"text-align: justify;\"><a href=\"http:\/\/cdlsurubim.com.br\/site\/wp-content\/uploads\/2023\/03\/WhatsApp-Image-2023-03-13-at-15.20.07.jpeg\" rel=\"attachment wp-att-3307\"><img loading=\"lazy\" decoding=\"async\" class=\"aligncenter size-medium wp-image-3307\" src=\"http:\/\/cdlsurubim.com.br\/site\/wp-content\/uploads\/2023\/03\/WhatsApp-Image-2023-03-13-at-15.20.07-300x300.jpeg\" alt=\"WhatsApp Image 2023-03-13 at 15.20.07\" width=\"300\" height=\"300\" srcset=\"https:\/\/cdlsurubim.com.br\/site\/wp-content\/uploads\/2023\/03\/WhatsApp-Image-2023-03-13-at-15.20.07-300x300.jpeg 300w, https:\/\/cdlsurubim.com.br\/site\/wp-content\/uploads\/2023\/03\/WhatsApp-Image-2023-03-13-at-15.20.07-150x150.jpeg 150w, https:\/\/cdlsurubim.com.br\/site\/wp-content\/uploads\/2023\/03\/WhatsApp-Image-2023-03-13-at-15.20.07-768x768.jpeg 768w, https:\/\/cdlsurubim.com.br\/site\/wp-content\/uploads\/2023\/03\/WhatsApp-Image-2023-03-13-at-15.20.07-1024x1024.jpeg 1024w, https:\/\/cdlsurubim.com.br\/site\/wp-content\/uploads\/2023\/03\/WhatsApp-Image-2023-03-13-at-15.20.07.jpeg 1080w\" sizes=\"auto, (max-width: 300px) 100vw, 300px\" \/><\/a><\/p>\n","protected":false},"excerpt":{"rendered":"<p>A import\u00e2ncia da imagem pessoal para a carreira \u00e9 um t\u00f3pico comumente negligenciado pelos profissionais. De acordo com uma pesquisa da consultoria Robert Half, a maioria dos funcion\u00e1rios brasileiros se vestem e se comportam de forma inadequada no ambiente de trabalho. Entender a necessidade do cuidado pessoal, [&hellip;]<\/p>\n","protected":false},"author":2,"featured_media":3307,"comment_status":"closed","ping_status":"open","sticky":false,"template":"","format":"standard","meta":{"footnotes":""},"categories":[4],"tags":[],"class_list":["post-3306","post","type-post","status-publish","format-standard","has-post-thumbnail","hentry","category-noticias"],"_links":{"self":[{"href":"https:\/\/cdlsurubim.com.br\/site\/wp-json\/wp\/v2\/posts\/3306","targetHints":{"allow":["GET"]}}],"collection":[{"href":"https:\/\/cdlsurubim.com.br\/site\/wp-json\/wp\/v2\/posts"}],"about":[{"href":"https:\/\/cdlsurubim.com.br\/site\/wp-json\/wp\/v2\/types\/post"}],"author":[{"embeddable":true,"href":"https:\/\/cdlsurubim.com.br\/site\/wp-json\/wp\/v2\/users\/2"}],"replies":[{"embeddable":true,"href":"https:\/\/cdlsurubim.com.br\/site\/wp-json\/wp\/v2\/comments?post=3306"}],"version-history":[{"count":2,"href":"https:\/\/cdlsurubim.com.br\/site\/wp-json\/wp\/v2\/posts\/3306\/revisions"}],"predecessor-version":[{"id":3309,"href":"https:\/\/cdlsurubim.com.br\/site\/wp-json\/wp\/v2\/posts\/3306\/revisions\/3309"}],"wp:featuredmedia":[{"embeddable":true,"href":"https:\/\/cdlsurubim.com.br\/site\/wp-json\/wp\/v2\/media\/3307"}],"wp:attachment":[{"href":"https:\/\/cdlsurubim.com.br\/site\/wp-json\/wp\/v2\/media?parent=3306"}],"wp:term":[{"taxonomy":"category","embeddable":true,"href":"https:\/\/cdlsurubim.com.br\/site\/wp-json\/wp\/v2\/categories?post=3306"},{"taxonomy":"post_tag","embeddable":true,"href":"https:\/\/cdlsurubim.com.br\/site\/wp-json\/wp\/v2\/tags?post=3306"}],"curies":[{"name":"wp","href":"https:\/\/api.w.org\/{rel}","templated":true}]}}