{"id":3288,"date":"2023-01-26T10:27:32","date_gmt":"2023-01-26T13:27:32","guid":{"rendered":"http:\/\/cdlsurubim.com.br\/site\/?p=3288"},"modified":"2023-01-26T10:28:50","modified_gmt":"2023-01-26T13:28:50","slug":"ampliacao-presidentes-de-camaras-de-vereadores-da-regiao-emitem-certificados-digital-na-cdl-surubim","status":"publish","type":"post","link":"https:\/\/cdlsurubim.com.br\/site\/2023\/01\/ampliacao-presidentes-de-camaras-de-vereadores-da-regiao-emitem-certificados-digital-na-cdl-surubim\/","title":{"rendered":"Amplia\u00e7\u00e3o: Presidentes de C\u00e2maras de Vereadores da regi\u00e3o emitem Certificados Digital na CDL Surubim"},"content":{"rendered":"<p style=\"text-align: justify;\">Integridade, responsabilidade, maior produtividade: a certifica\u00e7\u00e3o feita por meios eletr\u00f4nicos vem para consolidar o trabalho executado na esfera p\u00fablica e trazer efic\u00e1cia em um setor que precisa de mais agilidade. A ideia \u00e9 evitar que as burocracias se acumulem, sem que para isso seja preciso comprometer a qualidade do servi\u00e7o prestado. Dessa forma, a C\u00e2mara de Dirigentes Lojistas de Surubim (CDL) tem ampliado os servi\u00e7os de emiss\u00e3o dos certificados digitais Pessoa F\u00edsica (PF) e Pessoa Jur\u00eddica, na capital da vaquejada e para toda a regi\u00e3o.<\/p>\n<p style=\"text-align: justify;\">Estiveram em nossa sede os Presidentes das C\u00e2maras de Vereadores dos munic\u00edpios de Bom Jardim (presidente Jos\u00e9 Soares J\u00fanior, popular J\u00fanior de Cuxilo, acompanhado pela Coord. do Controle Interno, Rayane Heyka), Vertente do L\u00e9rio (presidente Ina Sales) e Vertentes (presidente Jos\u00e9 Ivanildo Cabral de Souza), ambas do Agreste Setentrional, reafirmando assim, que os servi\u00e7os s\u00e3o prestados com seguran\u00e7a, comodidade e rapidez. \u201cNossos clientes saem com os seus certificados na hora. A libera\u00e7\u00e3o para uso sai, em m\u00e9dia, at\u00e9 2 horas no m\u00e1ximo, ou at\u00e9 mesmo j\u00e1 sai funcionando ap\u00f3s t\u00e9rmino do atendimento. Agradecemos pela parceria e prefer\u00eancia.\u201d refor\u00e7a o Agente de Registro, Lu\u00eds Fernando Germano.<\/p>\n<p style=\"text-align: justify;\">A CDL Surubim oferece a emiss\u00e3o diariamente em sua sede de segunda a sexta-feira. Ligue e fa\u00e7a seu agendamento, mais informa\u00e7\u00f5es: (81) 3634.1608 \/ 3634.1607.<\/p>\n<div id=\"attachment_3290\" style=\"width: 236px\" class=\"wp-caption aligncenter\"><a href=\"http:\/\/cdlsurubim.com.br\/site\/wp-content\/uploads\/2023\/01\/WhatsApp-Image-2023-01-26-at-10.21.58.jpeg\" rel=\"attachment wp-att-3290\"><img loading=\"lazy\" decoding=\"async\" aria-describedby=\"caption-attachment-3290\" class=\"wp-image-3290 size-medium\" src=\"http:\/\/cdlsurubim.com.br\/site\/wp-content\/uploads\/2023\/01\/WhatsApp-Image-2023-01-26-at-10.21.58-226x300.jpeg\" alt=\"WhatsApp Image 2023-01-26 at 10.21.58\" width=\"226\" height=\"300\" srcset=\"https:\/\/cdlsurubim.com.br\/site\/wp-content\/uploads\/2023\/01\/WhatsApp-Image-2023-01-26-at-10.21.58-226x300.jpeg 226w, https:\/\/cdlsurubim.com.br\/site\/wp-content\/uploads\/2023\/01\/WhatsApp-Image-2023-01-26-at-10.21.58-768x1021.jpeg 768w, https:\/\/cdlsurubim.com.br\/site\/wp-content\/uploads\/2023\/01\/WhatsApp-Image-2023-01-26-at-10.21.58-770x1024.jpeg 770w, https:\/\/cdlsurubim.com.br\/site\/wp-content\/uploads\/2023\/01\/WhatsApp-Image-2023-01-26-at-10.21.58.jpeg 963w\" sizes=\"auto, (max-width: 226px) 100vw, 226px\" \/><\/a><p id=\"caption-attachment-3290\" class=\"wp-caption-text\">Vertente do L\u00e9rio (presidente Ina Sales).<\/p><\/div>\n<div id=\"attachment_3291\" style=\"width: 310px\" class=\"wp-caption aligncenter\"><a href=\"http:\/\/cdlsurubim.com.br\/site\/wp-content\/uploads\/2023\/01\/WhatsApp-Image-2023-01-26-at-10.21.59-1.jpeg\" rel=\"attachment wp-att-3291\"><img loading=\"lazy\" decoding=\"async\" aria-describedby=\"caption-attachment-3291\" class=\"wp-image-3291 size-medium\" src=\"http:\/\/cdlsurubim.com.br\/site\/wp-content\/uploads\/2023\/01\/WhatsApp-Image-2023-01-26-at-10.21.59-1-300x226.jpeg\" alt=\"WhatsApp Image 2023-01-26 at 10.21.59 (1)\" width=\"300\" height=\"226\" srcset=\"https:\/\/cdlsurubim.com.br\/site\/wp-content\/uploads\/2023\/01\/WhatsApp-Image-2023-01-26-at-10.21.59-1-300x226.jpeg 300w, https:\/\/cdlsurubim.com.br\/site\/wp-content\/uploads\/2023\/01\/WhatsApp-Image-2023-01-26-at-10.21.59-1-768x578.jpeg 768w, https:\/\/cdlsurubim.com.br\/site\/wp-content\/uploads\/2023\/01\/WhatsApp-Image-2023-01-26-at-10.21.59-1-1024x770.jpeg 1024w, https:\/\/cdlsurubim.com.br\/site\/wp-content\/uploads\/2023\/01\/WhatsApp-Image-2023-01-26-at-10.21.59-1.jpeg 1280w\" sizes=\"auto, (max-width: 300px) 100vw, 300px\" \/><\/a><p id=\"caption-attachment-3291\" class=\"wp-caption-text\">Presidente da C\u00e2mara de Vereadores de Bom Jardim (presidente Jos\u00e9 Soares J\u00fanior, popular J\u00fanior de Cuxilo, acompanhado pela Coord. do Controle Interno, Rayane Heyka).<\/p><\/div>\n<div id=\"attachment_3292\" style=\"width: 236px\" class=\"wp-caption aligncenter\"><a href=\"http:\/\/cdlsurubim.com.br\/site\/wp-content\/uploads\/2023\/01\/WhatsApp-Image-2023-01-26-at-10.21.59.jpeg\" rel=\"attachment wp-att-3292\"><img loading=\"lazy\" decoding=\"async\" aria-describedby=\"caption-attachment-3292\" class=\"wp-image-3292 size-medium\" src=\"http:\/\/cdlsurubim.com.br\/site\/wp-content\/uploads\/2023\/01\/WhatsApp-Image-2023-01-26-at-10.21.59-226x300.jpeg\" alt=\"WhatsApp Image 2023-01-26 at 10.21.59\" width=\"226\" height=\"300\" srcset=\"https:\/\/cdlsurubim.com.br\/site\/wp-content\/uploads\/2023\/01\/WhatsApp-Image-2023-01-26-at-10.21.59-226x300.jpeg 226w, https:\/\/cdlsurubim.com.br\/site\/wp-content\/uploads\/2023\/01\/WhatsApp-Image-2023-01-26-at-10.21.59-768x1021.jpeg 768w, https:\/\/cdlsurubim.com.br\/site\/wp-content\/uploads\/2023\/01\/WhatsApp-Image-2023-01-26-at-10.21.59-770x1024.jpeg 770w, https:\/\/cdlsurubim.com.br\/site\/wp-content\/uploads\/2023\/01\/WhatsApp-Image-2023-01-26-at-10.21.59.jpeg 963w\" sizes=\"auto, (max-width: 226px) 100vw, 226px\" \/><\/a><p id=\"caption-attachment-3292\" class=\"wp-caption-text\">Vertentes (presidente Jos\u00e9 Ivanildo Cabral de Souza).<\/p><\/div>\n","protected":false},"excerpt":{"rendered":"<p>Integridade, responsabilidade, maior produtividade: a certifica\u00e7\u00e3o feita por meios eletr\u00f4nicos vem para consolidar o trabalho executado na esfera p\u00fablica e trazer efic\u00e1cia em um setor que precisa de mais agilidade. A ideia \u00e9 evitar que as burocracias se acumulem, sem que para isso seja preciso comprometer a [&hellip;]<\/p>\n","protected":false},"author":2,"featured_media":3289,"comment_status":"closed","ping_status":"open","sticky":false,"template":"","format":"standard","meta":{"footnotes":""},"categories":[4],"tags":[],"class_list":["post-3288","post","type-post","status-publish","format-standard","has-post-thumbnail","hentry","category-noticias"],"_links":{"self":[{"href":"https:\/\/cdlsurubim.com.br\/site\/wp-json\/wp\/v2\/posts\/3288","targetHints":{"allow":["GET"]}}],"collection":[{"href":"https:\/\/cdlsurubim.com.br\/site\/wp-json\/wp\/v2\/posts"}],"about":[{"href":"https:\/\/cdlsurubim.com.br\/site\/wp-json\/wp\/v2\/types\/post"}],"author":[{"embeddable":true,"href":"https:\/\/cdlsurubim.com.br\/site\/wp-json\/wp\/v2\/users\/2"}],"replies":[{"embeddable":true,"href":"https:\/\/cdlsurubim.com.br\/site\/wp-json\/wp\/v2\/comments?post=3288"}],"version-history":[{"count":1,"href":"https:\/\/cdlsurubim.com.br\/site\/wp-json\/wp\/v2\/posts\/3288\/revisions"}],"predecessor-version":[{"id":3293,"href":"https:\/\/cdlsurubim.com.br\/site\/wp-json\/wp\/v2\/posts\/3288\/revisions\/3293"}],"wp:featuredmedia":[{"embeddable":true,"href":"https:\/\/cdlsurubim.com.br\/site\/wp-json\/wp\/v2\/media\/3289"}],"wp:attachment":[{"href":"https:\/\/cdlsurubim.com.br\/site\/wp-json\/wp\/v2\/media?parent=3288"}],"wp:term":[{"taxonomy":"category","embeddable":true,"href":"https:\/\/cdlsurubim.com.br\/site\/wp-json\/wp\/v2\/categories?post=3288"},{"taxonomy":"post_tag","embeddable":true,"href":"https:\/\/cdlsurubim.com.br\/site\/wp-json\/wp\/v2\/tags?post=3288"}],"curies":[{"name":"wp","href":"https:\/\/api.w.org\/{rel}","templated":true}]}}