{"id":3282,"date":"2023-01-25T16:21:49","date_gmt":"2023-01-25T19:21:49","guid":{"rendered":"http:\/\/cdlsurubim.com.br\/site\/?p=3282"},"modified":"2023-01-25T16:23:25","modified_gmt":"2023-01-25T19:23:25","slug":"diretor-de-marketing-da-cdl-surubim-concede-entrevista-na-radio-integracao-fm","status":"publish","type":"post","link":"https:\/\/cdlsurubim.com.br\/site\/2023\/01\/diretor-de-marketing-da-cdl-surubim-concede-entrevista-na-radio-integracao-fm\/","title":{"rendered":"Diretor de Marketing da CDL Surubim concede entrevista na R\u00e1dio Integra\u00e7\u00e3o FM"},"content":{"rendered":"<p><a href=\"http:\/\/cdlsurubim.com.br\/site\/wp-content\/uploads\/2023\/01\/WhatsApp-Image-2023-01-25-at-16.14.25-1.jpeg\" rel=\"attachment wp-att-3283\"><img loading=\"lazy\" decoding=\"async\" class=\"wp-image-3283 alignleft\" src=\"http:\/\/cdlsurubim.com.br\/site\/wp-content\/uploads\/2023\/01\/WhatsApp-Image-2023-01-25-at-16.14.25-1-293x300.jpeg\" alt=\"WhatsApp Image 2023-01-25 at 16.14.25 (1)\" width=\"263\" height=\"268\" srcset=\"https:\/\/cdlsurubim.com.br\/site\/wp-content\/uploads\/2023\/01\/WhatsApp-Image-2023-01-25-at-16.14.25-1-293x300.jpeg 293w, https:\/\/cdlsurubim.com.br\/site\/wp-content\/uploads\/2023\/01\/WhatsApp-Image-2023-01-25-at-16.14.25-1-768x786.jpeg 768w, https:\/\/cdlsurubim.com.br\/site\/wp-content\/uploads\/2023\/01\/WhatsApp-Image-2023-01-25-at-16.14.25-1.jpeg 960w\" sizes=\"auto, (max-width: 263px) 100vw, 263px\" \/><\/a><\/p>\n<p style=\"text-align: justify;\">Na tarde desta quarta-feira (25), o Diretor de Marketing da C\u00e2mara de Dirigentes Lojistas de Surubim (CDL Surubim), Eraldo Pio, concedeu entrevista no programa Plant\u00e3o de Not\u00edcias da R\u00e1dio Integra\u00e7\u00e3o FM. Na pauta, a campanha, em especial, aos lojistas associados,<strong> \u201cCompre do Com\u00e9rcio Local.\u201d<\/strong><\/p>\n<p style=\"text-align: justify;\">A proposta da campanha \u00e9 conscientizar o consumidor que a decis\u00e3o de compra envolve uma escolha e que o ato de comprar dos pequenos neg\u00f3cios locais contribui para fortalecer os segmentos que mais geram empregos no pa\u00eds, resultando em ganhos para todos. Portanto, os associados CDL em Bom Jardim, Frei Miguelinho, Jo\u00e3o Alfredo, Santa Maria do Cambuc\u00e1, Surubim e Vertentes estar\u00e3o todos sinalizados.<\/p>\n<p style=\"text-align: justify;\">Em suas falas, Eraldo Pio destaca a for\u00e7a que o com\u00e9rcio de Surubim representa para a nossa regi\u00e3o. Entre outros pontos abordados, a import\u00e2ncia dos servi\u00e7os oferecidos pela C\u00e2mara, os comerciantes em serem associados. A entrevista completa voc\u00ea assiste clicando no link: <a href=\"https:\/\/www.youtube.com\/watch?v=M5kODD8a6fw\">https:\/\/www.youtube.com\/watch?v=M5kODD8a6fw<\/a><\/p>\n<p style=\"text-align: justify;\"><strong>Seja associado CDL Surubim<\/strong><\/p>\n<p style=\"text-align: justify;\">Em Surubim (PE), munic\u00edpio conhecido como a Capital da Vaquejada, o com\u00e9rcio varejista \u00e9 respons\u00e1vel por mover a economia local.\u00a0Os empreendedores do setor contam com o apoio da C\u00e2mara dos Dirigentes Lojistas (CDL) da cidade, principal entidade representativa do varejo na regi\u00e3o. A entidade destaca-se por sua for\u00e7a e influ\u00eancia na melhoria do ambiente de neg\u00f3cios de Surubim.\u00a0Se torne associado, e fortale\u00e7a nossa comunidade. Saiba como se associar, atrav\u00e9s dos fones (81) 3634.1607 \/ 3634.1608 \/ 9 9938-6355.<\/p>\n<p style=\"text-align: justify;\">P.S: (Eraldo Pio no centro, ladeado pelos radialistas Alan Lucena (E) e Jota Santos (D).)<\/p>\n","protected":false},"excerpt":{"rendered":"<p>Na tarde desta quarta-feira (25), o Diretor de Marketing da C\u00e2mara de Dirigentes Lojistas de Surubim (CDL Surubim), Eraldo Pio, concedeu entrevista no programa Plant\u00e3o de Not\u00edcias da R\u00e1dio Integra\u00e7\u00e3o FM. Na pauta, a campanha, em especial, aos lojistas associados, \u201cCompre do Com\u00e9rcio Local.\u201d A proposta da [&hellip;]<\/p>\n","protected":false},"author":2,"featured_media":3283,"comment_status":"closed","ping_status":"open","sticky":false,"template":"","format":"standard","meta":{"footnotes":""},"categories":[4],"tags":[],"class_list":["post-3282","post","type-post","status-publish","format-standard","has-post-thumbnail","hentry","category-noticias"],"_links":{"self":[{"href":"https:\/\/cdlsurubim.com.br\/site\/wp-json\/wp\/v2\/posts\/3282","targetHints":{"allow":["GET"]}}],"collection":[{"href":"https:\/\/cdlsurubim.com.br\/site\/wp-json\/wp\/v2\/posts"}],"about":[{"href":"https:\/\/cdlsurubim.com.br\/site\/wp-json\/wp\/v2\/types\/post"}],"author":[{"embeddable":true,"href":"https:\/\/cdlsurubim.com.br\/site\/wp-json\/wp\/v2\/users\/2"}],"replies":[{"embeddable":true,"href":"https:\/\/cdlsurubim.com.br\/site\/wp-json\/wp\/v2\/comments?post=3282"}],"version-history":[{"count":4,"href":"https:\/\/cdlsurubim.com.br\/site\/wp-json\/wp\/v2\/posts\/3282\/revisions"}],"predecessor-version":[{"id":3287,"href":"https:\/\/cdlsurubim.com.br\/site\/wp-json\/wp\/v2\/posts\/3282\/revisions\/3287"}],"wp:featuredmedia":[{"embeddable":true,"href":"https:\/\/cdlsurubim.com.br\/site\/wp-json\/wp\/v2\/media\/3283"}],"wp:attachment":[{"href":"https:\/\/cdlsurubim.com.br\/site\/wp-json\/wp\/v2\/media?parent=3282"}],"wp:term":[{"taxonomy":"category","embeddable":true,"href":"https:\/\/cdlsurubim.com.br\/site\/wp-json\/wp\/v2\/categories?post=3282"},{"taxonomy":"post_tag","embeddable":true,"href":"https:\/\/cdlsurubim.com.br\/site\/wp-json\/wp\/v2\/tags?post=3282"}],"curies":[{"name":"wp","href":"https:\/\/api.w.org\/{rel}","templated":true}]}}