{"id":3273,"date":"2023-01-21T11:40:45","date_gmt":"2023-01-21T14:40:45","guid":{"rendered":"http:\/\/cdlsurubim.com.br\/site\/?p=3273"},"modified":"2023-01-21T11:45:02","modified_gmt":"2023-01-21T14:45:02","slug":"campanha-cdl-surubim-incentiva-a-escolha-do-comercio-local-na-hora-da-compra","status":"publish","type":"post","link":"https:\/\/cdlsurubim.com.br\/site\/2023\/01\/campanha-cdl-surubim-incentiva-a-escolha-do-comercio-local-na-hora-da-compra\/","title":{"rendered":"Campanha: CDL Surubim incentiva a escolha do com\u00e9rcio local na hora da compra"},"content":{"rendered":"<p style=\"text-align: justify;\">A C\u00e2mara de Dirigentes Lojistas de Surubim, iniciou esta semana, a campanha, em especial, aos lojistas associados, &#8220;Compre do Com\u00e9rcio Local.&#8221; A proposta da campanha \u00e9 conscientizar o consumidor que a decis\u00e3o de compra envolve uma escolha e que o ato de comprar dos pequenos neg\u00f3cios locais contribui para fortalecer os segmentos que mais geram empregos no pa\u00eds, resultando em ganhos para todos. Portanto, os associados CDL em Bom Jardim, Frei Miguelinho, Jo\u00e3o Alfredo, Santa Maria do Cambuc\u00e1 e Surubim estar\u00e3o todos sinalizados, conforme imagens (abaixo).<\/p>\n<p style=\"text-align: justify;\">Comprar localmente contribui para movimentar, fortalecer e at\u00e9 mesmo recuperar a economia. Afinal, esse ato significa injetar dinheiro na regi\u00e3o. Quanto mais consumidores comprarem de neg\u00f3cios locais, e esses neg\u00f3cios comprarem entre si, mais essas empresas t\u00eam oportunidade de crescer.<\/p>\n<p style=\"text-align: justify;\">Esse crescimento estimula os empreendedores a investirem ainda mais na qualidade e variedade dos produtos e servi\u00e7os oferecidos \u00e0 comunidade. A gera\u00e7\u00e3o de empregos tamb\u00e9m aumenta, priorizando a popula\u00e7\u00e3o local. Sendo assim, comprar do pequeno \u00e9 um grande neg\u00f3cio para todos.<\/p>\n<p style=\"text-align: justify;\"><strong>Seja associado CDL Surubim<\/strong><\/p>\n<p style=\"text-align: justify;\">Em Surubim (PE), munic\u00edpio conhecido como a Capital da Vaquejada, o com\u00e9rcio varejista \u00e9 respons\u00e1vel por mover a economia local. Os empreendedores do setor contam com o apoio da C\u00e2mara dos Dirigentes Lojistas (CDL) da cidade, principal entidade representativa do varejo na regi\u00e3o. A entidade destaca-se por sua for\u00e7a e influ\u00eancia na melhoria do ambiente de neg\u00f3cios de Surubim. Se torne associado, e fortale\u00e7a nossa comunidade. Saiba como se associar, atrav\u00e9s dos fones (81) 3634.1607 \/ 3634.1608 \/ 9 9938-6355.<\/p>\n<p>&nbsp;<\/p>\n<p style=\"text-align: center;\"><a href=\"http:\/\/cdlsurubim.com.br\/site\/wp-content\/uploads\/2023\/01\/51565464.jpg\" rel=\"attachment wp-att-3276\"><img loading=\"lazy\" decoding=\"async\" class=\"aligncenter size-medium wp-image-3276\" src=\"http:\/\/cdlsurubim.com.br\/site\/wp-content\/uploads\/2023\/01\/51565464-225x300.jpg\" alt=\"51565464\" width=\"225\" height=\"300\" srcset=\"https:\/\/cdlsurubim.com.br\/site\/wp-content\/uploads\/2023\/01\/51565464-225x300.jpg 225w, https:\/\/cdlsurubim.com.br\/site\/wp-content\/uploads\/2023\/01\/51565464-768x1023.jpg 768w, https:\/\/cdlsurubim.com.br\/site\/wp-content\/uploads\/2023\/01\/51565464-769x1024.jpg 769w, https:\/\/cdlsurubim.com.br\/site\/wp-content\/uploads\/2023\/01\/51565464.jpg 852w\" sizes=\"auto, (max-width: 225px) 100vw, 225px\" \/><\/a><\/p>\n<p><a href=\"http:\/\/cdlsurubim.com.br\/site\/wp-content\/uploads\/2023\/01\/Imagem-do-WhatsApp-de-2023-01-11-\u00e0s-14.03.27.jpg\" rel=\"attachment wp-att-3274\"><img loading=\"lazy\" decoding=\"async\" class=\"aligncenter size-medium wp-image-3274\" src=\"http:\/\/cdlsurubim.com.br\/site\/wp-content\/uploads\/2023\/01\/Imagem-do-WhatsApp-de-2023-01-11-\u00e0s-14.03.27-225x300.jpg\" alt=\"Imagem do WhatsApp de 2023-01-11 \u00e0(s) 14.03.27\" width=\"225\" height=\"300\" srcset=\"https:\/\/cdlsurubim.com.br\/site\/wp-content\/uploads\/2023\/01\/Imagem-do-WhatsApp-de-2023-01-11-\u00e0s-14.03.27-225x300.jpg 225w, https:\/\/cdlsurubim.com.br\/site\/wp-content\/uploads\/2023\/01\/Imagem-do-WhatsApp-de-2023-01-11-\u00e0s-14.03.27-768x1022.jpg 768w, https:\/\/cdlsurubim.com.br\/site\/wp-content\/uploads\/2023\/01\/Imagem-do-WhatsApp-de-2023-01-11-\u00e0s-14.03.27-770x1024.jpg 770w, https:\/\/cdlsurubim.com.br\/site\/wp-content\/uploads\/2023\/01\/Imagem-do-WhatsApp-de-2023-01-11-\u00e0s-14.03.27.jpg 853w\" sizes=\"auto, (max-width: 225px) 100vw, 225px\" \/><\/a><\/p>\n<p><a href=\"http:\/\/cdlsurubim.com.br\/site\/wp-content\/uploads\/2023\/01\/Imagem-do-WhatsApp-de-2023-01-11-\u00e0s-14.03.285645465646.jpg\" rel=\"attachment wp-att-3275\"><img loading=\"lazy\" decoding=\"async\" class=\"aligncenter size-medium wp-image-3275\" src=\"http:\/\/cdlsurubim.com.br\/site\/wp-content\/uploads\/2023\/01\/Imagem-do-WhatsApp-de-2023-01-11-\u00e0s-14.03.285645465646-225x300.jpg\" alt=\"Imagem do WhatsApp de 2023-01-11 \u00e0(s) 14.03.285645465646\" width=\"225\" height=\"300\" srcset=\"https:\/\/cdlsurubim.com.br\/site\/wp-content\/uploads\/2023\/01\/Imagem-do-WhatsApp-de-2023-01-11-\u00e0s-14.03.285645465646-225x300.jpg 225w, https:\/\/cdlsurubim.com.br\/site\/wp-content\/uploads\/2023\/01\/Imagem-do-WhatsApp-de-2023-01-11-\u00e0s-14.03.285645465646-768x1022.jpg 768w, https:\/\/cdlsurubim.com.br\/site\/wp-content\/uploads\/2023\/01\/Imagem-do-WhatsApp-de-2023-01-11-\u00e0s-14.03.285645465646-770x1024.jpg 770w, https:\/\/cdlsurubim.com.br\/site\/wp-content\/uploads\/2023\/01\/Imagem-do-WhatsApp-de-2023-01-11-\u00e0s-14.03.285645465646.jpg 853w\" sizes=\"auto, (max-width: 225px) 100vw, 225px\" \/><\/a><\/p>\n<p><a href=\"http:\/\/cdlsurubim.com.br\/site\/wp-content\/uploads\/2023\/01\/565654.jpg\" rel=\"attachment wp-att-3277\"><img loading=\"lazy\" decoding=\"async\" class=\"aligncenter size-medium wp-image-3277\" src=\"http:\/\/cdlsurubim.com.br\/site\/wp-content\/uploads\/2023\/01\/565654-225x300.jpg\" alt=\"565654\" width=\"225\" height=\"300\" srcset=\"https:\/\/cdlsurubim.com.br\/site\/wp-content\/uploads\/2023\/01\/565654-225x300.jpg 225w, https:\/\/cdlsurubim.com.br\/site\/wp-content\/uploads\/2023\/01\/565654-768x1023.jpg 768w, https:\/\/cdlsurubim.com.br\/site\/wp-content\/uploads\/2023\/01\/565654-769x1024.jpg 769w, https:\/\/cdlsurubim.com.br\/site\/wp-content\/uploads\/2023\/01\/565654.jpg 852w\" sizes=\"auto, (max-width: 225px) 100vw, 225px\" \/><\/a><a href=\"http:\/\/cdlsurubim.com.br\/site\/wp-content\/uploads\/2023\/01\/Imagem-do-WhatsApp-de-2023-01-11-\u00e0s-14.03.28.jpg\" rel=\"attachment wp-att-3278\"><img loading=\"lazy\" decoding=\"async\" class=\"aligncenter size-medium wp-image-3278\" src=\"http:\/\/cdlsurubim.com.br\/site\/wp-content\/uploads\/2023\/01\/Imagem-do-WhatsApp-de-2023-01-11-\u00e0s-14.03.28-225x300.jpg\" alt=\"Imagem do WhatsApp de 2023-01-11 \u00e0(s) 14.03.28\" width=\"225\" height=\"300\" srcset=\"https:\/\/cdlsurubim.com.br\/site\/wp-content\/uploads\/2023\/01\/Imagem-do-WhatsApp-de-2023-01-11-\u00e0s-14.03.28-225x300.jpg 225w, https:\/\/cdlsurubim.com.br\/site\/wp-content\/uploads\/2023\/01\/Imagem-do-WhatsApp-de-2023-01-11-\u00e0s-14.03.28-768x1023.jpg 768w, https:\/\/cdlsurubim.com.br\/site\/wp-content\/uploads\/2023\/01\/Imagem-do-WhatsApp-de-2023-01-11-\u00e0s-14.03.28-769x1024.jpg 769w, https:\/\/cdlsurubim.com.br\/site\/wp-content\/uploads\/2023\/01\/Imagem-do-WhatsApp-de-2023-01-11-\u00e0s-14.03.28.jpg 852w\" sizes=\"auto, (max-width: 225px) 100vw, 225px\" \/><\/a><\/p>\n","protected":false},"excerpt":{"rendered":"<p>A C\u00e2mara de Dirigentes Lojistas de Surubim, iniciou esta semana, a campanha, em especial, aos lojistas associados, &#8220;Compre do Com\u00e9rcio Local.&#8221; A proposta da campanha \u00e9 conscientizar o consumidor que a decis\u00e3o de compra envolve uma escolha e que o ato de comprar dos pequenos neg\u00f3cios locais [&hellip;]<\/p>\n","protected":false},"author":2,"featured_media":3214,"comment_status":"closed","ping_status":"open","sticky":false,"template":"","format":"standard","meta":{"footnotes":""},"categories":[4],"tags":[],"class_list":["post-3273","post","type-post","status-publish","format-standard","has-post-thumbnail","hentry","category-noticias"],"_links":{"self":[{"href":"https:\/\/cdlsurubim.com.br\/site\/wp-json\/wp\/v2\/posts\/3273","targetHints":{"allow":["GET"]}}],"collection":[{"href":"https:\/\/cdlsurubim.com.br\/site\/wp-json\/wp\/v2\/posts"}],"about":[{"href":"https:\/\/cdlsurubim.com.br\/site\/wp-json\/wp\/v2\/types\/post"}],"author":[{"embeddable":true,"href":"https:\/\/cdlsurubim.com.br\/site\/wp-json\/wp\/v2\/users\/2"}],"replies":[{"embeddable":true,"href":"https:\/\/cdlsurubim.com.br\/site\/wp-json\/wp\/v2\/comments?post=3273"}],"version-history":[{"count":1,"href":"https:\/\/cdlsurubim.com.br\/site\/wp-json\/wp\/v2\/posts\/3273\/revisions"}],"predecessor-version":[{"id":3279,"href":"https:\/\/cdlsurubim.com.br\/site\/wp-json\/wp\/v2\/posts\/3273\/revisions\/3279"}],"wp:featuredmedia":[{"embeddable":true,"href":"https:\/\/cdlsurubim.com.br\/site\/wp-json\/wp\/v2\/media\/3214"}],"wp:attachment":[{"href":"https:\/\/cdlsurubim.com.br\/site\/wp-json\/wp\/v2\/media?parent=3273"}],"wp:term":[{"taxonomy":"category","embeddable":true,"href":"https:\/\/cdlsurubim.com.br\/site\/wp-json\/wp\/v2\/categories?post=3273"},{"taxonomy":"post_tag","embeddable":true,"href":"https:\/\/cdlsurubim.com.br\/site\/wp-json\/wp\/v2\/tags?post=3273"}],"curies":[{"name":"wp","href":"https:\/\/api.w.org\/{rel}","templated":true}]}}