{"id":3271,"date":"2023-01-16T15:24:55","date_gmt":"2023-01-16T18:24:55","guid":{"rendered":"http:\/\/cdlsurubim.com.br\/site\/?p=3271"},"modified":"2023-01-16T15:24:55","modified_gmt":"2023-01-16T18:24:55","slug":"comunicado-cdl-20-de-janeiro-feriado-municipal-de-surubim-dia-de-sao-sebastiao-3","status":"publish","type":"post","link":"https:\/\/cdlsurubim.com.br\/site\/2023\/01\/comunicado-cdl-20-de-janeiro-feriado-municipal-de-surubim-dia-de-sao-sebastiao-3\/","title":{"rendered":"Comunicado CDL: 20 de janeiro, feriado municipal de Surubim, dia de S\u00e3o Sebasti\u00e3o"},"content":{"rendered":"<p style=\"text-align: justify;\">A C\u00e2mara de Dirigentes Lojistas de Surubim comunica a todos os associados e comunidade em geral que, na sexta-feira (20), a entidade n\u00e3o ter\u00e1 expediente. A CDL ser\u00e1 fechada em decorr\u00eancia da data em que se comemora o feriado religioso, Dia de S\u00e3o Sebasti\u00e3o, de acordo com a Lei Municipal 499\/2014. Contudo, o feriado n\u00e3o impede que algum lojista possa abrir seu com\u00e9rcio. Por\u00e9m, os direitos trabalhistas devem ser pagos de acordo com a Conven\u00e7\u00e3o Coletiva do Trabalho. Mais informa\u00e7\u00f5es sobre a autoriza\u00e7\u00e3o do funcionamento, entrar em contato com o Sindicato dos Empregados no Com\u00e9rcio de Bens e Servi\u00e7os (Sindecom).<\/p>\n<p style=\"text-align: justify;\">A CDL aproveita a oportunidade para desejar a todos um \u00f3timo feriado. Informa ainda que retorna no s\u00e1bado (21) com expediente das 08h \u00e0s 12h.<\/p>\n<p style=\"text-align: justify;\"><strong>Clique no link e confira c\u00f3pia da Lei: <a href=\"http:\/\/cdlsurubim.com.br\/site\/wp-content\/uploads\/2015\/02\/feriados.jpg\">CLIQUE AQUI!<\/a><\/strong><\/p>\n<p style=\"text-align: justify;\">\n<strong>Voc\u00ea j\u00e1 viu? Surubim \u2013 Calend\u00e1rio de Feriados \u2013 2023: <a href=\"http:\/\/cdlsurubim.com.br\/site\/2023\/01\/surubim-calendario-de-feriados-2023\/\">CLIQUE AQUI!<\/a><\/strong><\/p>\n","protected":false},"excerpt":{"rendered":"<p>A C\u00e2mara de Dirigentes Lojistas de Surubim comunica a todos os associados e comunidade em geral que, na sexta-feira (20), a entidade n\u00e3o ter\u00e1 expediente. A CDL ser\u00e1 fechada em decorr\u00eancia da data em que se comemora o feriado religioso, Dia de S\u00e3o Sebasti\u00e3o, de acordo com [&hellip;]<\/p>\n","protected":false},"author":2,"featured_media":3214,"comment_status":"closed","ping_status":"open","sticky":false,"template":"","format":"standard","meta":{"footnotes":""},"categories":[4],"tags":[],"class_list":["post-3271","post","type-post","status-publish","format-standard","has-post-thumbnail","hentry","category-noticias"],"_links":{"self":[{"href":"https:\/\/cdlsurubim.com.br\/site\/wp-json\/wp\/v2\/posts\/3271","targetHints":{"allow":["GET"]}}],"collection":[{"href":"https:\/\/cdlsurubim.com.br\/site\/wp-json\/wp\/v2\/posts"}],"about":[{"href":"https:\/\/cdlsurubim.com.br\/site\/wp-json\/wp\/v2\/types\/post"}],"author":[{"embeddable":true,"href":"https:\/\/cdlsurubim.com.br\/site\/wp-json\/wp\/v2\/users\/2"}],"replies":[{"embeddable":true,"href":"https:\/\/cdlsurubim.com.br\/site\/wp-json\/wp\/v2\/comments?post=3271"}],"version-history":[{"count":1,"href":"https:\/\/cdlsurubim.com.br\/site\/wp-json\/wp\/v2\/posts\/3271\/revisions"}],"predecessor-version":[{"id":3272,"href":"https:\/\/cdlsurubim.com.br\/site\/wp-json\/wp\/v2\/posts\/3271\/revisions\/3272"}],"wp:featuredmedia":[{"embeddable":true,"href":"https:\/\/cdlsurubim.com.br\/site\/wp-json\/wp\/v2\/media\/3214"}],"wp:attachment":[{"href":"https:\/\/cdlsurubim.com.br\/site\/wp-json\/wp\/v2\/media?parent=3271"}],"wp:term":[{"taxonomy":"category","embeddable":true,"href":"https:\/\/cdlsurubim.com.br\/site\/wp-json\/wp\/v2\/categories?post=3271"},{"taxonomy":"post_tag","embeddable":true,"href":"https:\/\/cdlsurubim.com.br\/site\/wp-json\/wp\/v2\/tags?post=3271"}],"curies":[{"name":"wp","href":"https:\/\/api.w.org\/{rel}","templated":true}]}}