{"id":3267,"date":"2023-01-04T12:21:34","date_gmt":"2023-01-04T15:21:34","guid":{"rendered":"http:\/\/cdlsurubim.com.br\/site\/?p=3267"},"modified":"2023-01-04T12:21:34","modified_gmt":"2023-01-04T15:21:34","slug":"surubim-calendario-de-feriados-2023","status":"publish","type":"post","link":"https:\/\/cdlsurubim.com.br\/site\/2023\/01\/surubim-calendario-de-feriados-2023\/","title":{"rendered":"Surubim &#8211; Calend\u00e1rio de Feriados \u2013 2023"},"content":{"rendered":"<p>Aten\u00e7\u00e3o para o calend\u00e1rio de feriados do ano 2023 v\u00e1lido para Surubim, em especial, ao com\u00e9rcio lojista. As datas seguem a Lei Municipal 499\/2014, al\u00e9m da Estadual e Nacional. CDL Surubim, Com Voc\u00ea e Por Voc\u00ea! Confira, clique no link:\u00a0<a href=\"http:\/\/cdlsurubim.com.br\/site\/calendario-de-feriados\/\">http:\/\/cdlsurubim.com.br\/site\/calendario-de-feriados\/<\/a><\/p>\n<p><a href=\"http:\/\/cdlsurubim.com.br\/site\/wp-content\/uploads\/2023\/01\/WhatsApp-Image-2023-01-04-at-12.19.03.jpeg\" rel=\"attachment wp-att-3268\"><img loading=\"lazy\" decoding=\"async\" class=\"aligncenter size-medium wp-image-3268\" src=\"http:\/\/cdlsurubim.com.br\/site\/wp-content\/uploads\/2023\/01\/WhatsApp-Image-2023-01-04-at-12.19.03-300x300.jpeg\" alt=\"WhatsApp Image 2023-01-04 at 12.19.03\" width=\"300\" height=\"300\" srcset=\"https:\/\/cdlsurubim.com.br\/site\/wp-content\/uploads\/2023\/01\/WhatsApp-Image-2023-01-04-at-12.19.03-300x300.jpeg 300w, https:\/\/cdlsurubim.com.br\/site\/wp-content\/uploads\/2023\/01\/WhatsApp-Image-2023-01-04-at-12.19.03-150x150.jpeg 150w, https:\/\/cdlsurubim.com.br\/site\/wp-content\/uploads\/2023\/01\/WhatsApp-Image-2023-01-04-at-12.19.03-768x768.jpeg 768w, https:\/\/cdlsurubim.com.br\/site\/wp-content\/uploads\/2023\/01\/WhatsApp-Image-2023-01-04-at-12.19.03-1024x1024.jpeg 1024w, https:\/\/cdlsurubim.com.br\/site\/wp-content\/uploads\/2023\/01\/WhatsApp-Image-2023-01-04-at-12.19.03.jpeg 1080w\" sizes=\"auto, (max-width: 300px) 100vw, 300px\" \/><\/a><\/p>\n","protected":false},"excerpt":{"rendered":"<p>Aten\u00e7\u00e3o para o calend\u00e1rio de feriados do ano 2023 v\u00e1lido para Surubim, em especial, ao com\u00e9rcio lojista. As datas seguem a Lei Municipal 499\/2014, al\u00e9m da Estadual e Nacional. CDL Surubim, Com Voc\u00ea e Por Voc\u00ea! Confira, clique no link:\u00a0http:\/\/cdlsurubim.com.br\/site\/calendario-de-feriados\/<\/p>\n","protected":false},"author":2,"featured_media":3268,"comment_status":"closed","ping_status":"open","sticky":false,"template":"","format":"standard","meta":{"footnotes":""},"categories":[4],"tags":[],"class_list":["post-3267","post","type-post","status-publish","format-standard","has-post-thumbnail","hentry","category-noticias"],"_links":{"self":[{"href":"https:\/\/cdlsurubim.com.br\/site\/wp-json\/wp\/v2\/posts\/3267","targetHints":{"allow":["GET"]}}],"collection":[{"href":"https:\/\/cdlsurubim.com.br\/site\/wp-json\/wp\/v2\/posts"}],"about":[{"href":"https:\/\/cdlsurubim.com.br\/site\/wp-json\/wp\/v2\/types\/post"}],"author":[{"embeddable":true,"href":"https:\/\/cdlsurubim.com.br\/site\/wp-json\/wp\/v2\/users\/2"}],"replies":[{"embeddable":true,"href":"https:\/\/cdlsurubim.com.br\/site\/wp-json\/wp\/v2\/comments?post=3267"}],"version-history":[{"count":1,"href":"https:\/\/cdlsurubim.com.br\/site\/wp-json\/wp\/v2\/posts\/3267\/revisions"}],"predecessor-version":[{"id":3269,"href":"https:\/\/cdlsurubim.com.br\/site\/wp-json\/wp\/v2\/posts\/3267\/revisions\/3269"}],"wp:featuredmedia":[{"embeddable":true,"href":"https:\/\/cdlsurubim.com.br\/site\/wp-json\/wp\/v2\/media\/3268"}],"wp:attachment":[{"href":"https:\/\/cdlsurubim.com.br\/site\/wp-json\/wp\/v2\/media?parent=3267"}],"wp:term":[{"taxonomy":"category","embeddable":true,"href":"https:\/\/cdlsurubim.com.br\/site\/wp-json\/wp\/v2\/categories?post=3267"},{"taxonomy":"post_tag","embeddable":true,"href":"https:\/\/cdlsurubim.com.br\/site\/wp-json\/wp\/v2\/tags?post=3267"}],"curies":[{"name":"wp","href":"https:\/\/api.w.org\/{rel}","templated":true}]}}