{"id":3261,"date":"2023-01-02T16:52:26","date_gmt":"2023-01-02T19:52:26","guid":{"rendered":"http:\/\/cdlsurubim.com.br\/site\/?p=3261"},"modified":"2023-01-02T16:53:24","modified_gmt":"2023-01-02T19:53:24","slug":"2023nota-do-presidente-cdlsurubim-ilario-pio","status":"publish","type":"post","link":"https:\/\/cdlsurubim.com.br\/site\/2023\/01\/2023nota-do-presidente-cdlsurubim-ilario-pio\/","title":{"rendered":"2023 de prosperidade e realiza\u00e7\u00f5es: Nota do presidente da CDL Surubim, Il\u00e1rio Pio"},"content":{"rendered":"<p>Boa tarde, p<a href=\"http:\/\/cdlsurubim.com.br\/site\/wp-content\/uploads\/2023\/01\/WhatsApp-Image-2023-01-02-at-16.28.02.jpeg\" rel=\"attachment wp-att-3262\"><img loading=\"lazy\" decoding=\"async\" class=\"size-medium wp-image-3262 alignleft\" src=\"http:\/\/cdlsurubim.com.br\/site\/wp-content\/uploads\/2023\/01\/WhatsApp-Image-2023-01-02-at-16.28.02-206x300.jpeg\" alt=\"WhatsApp Image 2023-01-02 at 16.28.02\" width=\"206\" height=\"300\" srcset=\"https:\/\/cdlsurubim.com.br\/site\/wp-content\/uploads\/2023\/01\/WhatsApp-Image-2023-01-02-at-16.28.02-206x300.jpeg 206w, https:\/\/cdlsurubim.com.br\/site\/wp-content\/uploads\/2023\/01\/WhatsApp-Image-2023-01-02-at-16.28.02.jpeg 286w\" sizes=\"auto, (max-width: 206px) 100vw, 206px\" \/><\/a>rezados (a). Iniciamos o primeiro dia de atendimento em nossa CDL, nesta segunda-feira (2). Nosso funcionamento \u00e9 de segunda a sexta-feira das 08h at\u00e9 18h, e aos s\u00e1bados de 8h at\u00e9 12h.<\/p>\n<p>Alguns Servi\u00e7os oferecidos:<br \/>\n#Certificado Digital<br \/>\n#ConsultasSPCeSerasa \/ PF e PJ<br \/>\n*Muitos outros benef\u00edcios. Associe-j\u00e1! (81) 3634.1608 \/ 3634.1607 \/ 9 9938.6355.<\/p>\n<p>Compartilhamos abaixo, Nota assinada pelo presidente da nossa CDL Surubim, Il\u00e1rio Pio, confira:<\/p>\n<p style=\"text-align: justify;\"><em>&#8220;Em nome da C\u00e2mara de Dirigentes Lojistas de Surubim (CDL Surubim), deixo meu grandioso abra\u00e7o aos colaboradores,\u00a0diretores, como tamb\u00e9m aos nossos associados surubinenses e da regi\u00e3o. Desejo um pr\u00f3spero ano novo, de grandes realiza\u00e7\u00f5es\u00a0para o ano de 2023. Tamb\u00e9m estendo aos consumidores, que direta e indiretamente colaboram com o nosso crescimento. Feliz Ano Novo!&#8221;<\/em><\/p>\n<p style=\"text-align: justify;\"><strong>Presidente da CDL Surubim, <\/strong><br \/>\n<strong>Il\u00e1rio Pio.<\/strong><\/p>\n","protected":false},"excerpt":{"rendered":"<p>Boa tarde, prezados (a). Iniciamos o primeiro dia de atendimento em nossa CDL, nesta segunda-feira (2). Nosso funcionamento \u00e9 de segunda a sexta-feira das 08h at\u00e9 18h, e aos s\u00e1bados de 8h at\u00e9 12h. Alguns Servi\u00e7os oferecidos: #Certificado Digital #ConsultasSPCeSerasa \/ PF e PJ *Muitos outros benef\u00edcios. [&hellip;]<\/p>\n","protected":false},"author":2,"featured_media":3262,"comment_status":"closed","ping_status":"open","sticky":false,"template":"","format":"standard","meta":{"footnotes":""},"categories":[4],"tags":[],"class_list":["post-3261","post","type-post","status-publish","format-standard","has-post-thumbnail","hentry","category-noticias"],"_links":{"self":[{"href":"https:\/\/cdlsurubim.com.br\/site\/wp-json\/wp\/v2\/posts\/3261","targetHints":{"allow":["GET"]}}],"collection":[{"href":"https:\/\/cdlsurubim.com.br\/site\/wp-json\/wp\/v2\/posts"}],"about":[{"href":"https:\/\/cdlsurubim.com.br\/site\/wp-json\/wp\/v2\/types\/post"}],"author":[{"embeddable":true,"href":"https:\/\/cdlsurubim.com.br\/site\/wp-json\/wp\/v2\/users\/2"}],"replies":[{"embeddable":true,"href":"https:\/\/cdlsurubim.com.br\/site\/wp-json\/wp\/v2\/comments?post=3261"}],"version-history":[{"count":2,"href":"https:\/\/cdlsurubim.com.br\/site\/wp-json\/wp\/v2\/posts\/3261\/revisions"}],"predecessor-version":[{"id":3264,"href":"https:\/\/cdlsurubim.com.br\/site\/wp-json\/wp\/v2\/posts\/3261\/revisions\/3264"}],"wp:featuredmedia":[{"embeddable":true,"href":"https:\/\/cdlsurubim.com.br\/site\/wp-json\/wp\/v2\/media\/3262"}],"wp:attachment":[{"href":"https:\/\/cdlsurubim.com.br\/site\/wp-json\/wp\/v2\/media?parent=3261"}],"wp:term":[{"taxonomy":"category","embeddable":true,"href":"https:\/\/cdlsurubim.com.br\/site\/wp-json\/wp\/v2\/categories?post=3261"},{"taxonomy":"post_tag","embeddable":true,"href":"https:\/\/cdlsurubim.com.br\/site\/wp-json\/wp\/v2\/tags?post=3261"}],"curies":[{"name":"wp","href":"https:\/\/api.w.org\/{rel}","templated":true}]}}