{"id":3133,"date":"2022-03-28T09:28:30","date_gmt":"2022-03-28T12:28:30","guid":{"rendered":"http:\/\/cdlsurubim.com.br\/site\/?p=3133"},"modified":"2022-03-28T09:37:09","modified_gmt":"2022-03-28T12:37:09","slug":"cdl-prestigia-lancamento-do-primeiro-parque-ecologico-de-surubim","status":"publish","type":"post","link":"https:\/\/cdlsurubim.com.br\/site\/2022\/03\/cdl-prestigia-lancamento-do-primeiro-parque-ecologico-de-surubim\/","title":{"rendered":"CDL prestigia lan\u00e7amento do primeiro parque ecol\u00f3gico de Surubim"},"content":{"rendered":"<p><a href=\"http:\/\/cdlsurubim.com.br\/site\/wp-content\/uploads\/2022\/03\/WhatsApp-Image-2022-03-28-at-08.34.04-1.jpeg\" rel=\"attachment wp-att-3135\"><img loading=\"lazy\" decoding=\"async\" class=\"size-medium wp-image-3135 alignleft\" src=\"http:\/\/cdlsurubim.com.br\/site\/wp-content\/uploads\/2022\/03\/WhatsApp-Image-2022-03-28-at-08.34.04-1-300x169.jpeg\" alt=\"WhatsApp Image 2022-03-28 at 08.34.04 (1)\" width=\"300\" height=\"169\" srcset=\"https:\/\/cdlsurubim.com.br\/site\/wp-content\/uploads\/2022\/03\/WhatsApp-Image-2022-03-28-at-08.34.04-1-300x169.jpeg 300w, https:\/\/cdlsurubim.com.br\/site\/wp-content\/uploads\/2022\/03\/WhatsApp-Image-2022-03-28-at-08.34.04-1-768x432.jpeg 768w, https:\/\/cdlsurubim.com.br\/site\/wp-content\/uploads\/2022\/03\/WhatsApp-Image-2022-03-28-at-08.34.04-1-1024x576.jpeg 1024w, https:\/\/cdlsurubim.com.br\/site\/wp-content\/uploads\/2022\/03\/WhatsApp-Image-2022-03-28-at-08.34.04-1.jpeg 1280w\" sizes=\"auto, (max-width: 300px) 100vw, 300px\" \/><\/a><\/p>\n<p style=\"text-align: justify;\">Com o in\u00edcio do plantio de cerca de 100 mudas de ip\u00eas amarelos a Sociedade dos Criadores de Surubim (SCS), lan\u00e7ou a pedra fundamental do que ser\u00e1 o primeiro parque ecol\u00f3gico do munic\u00edpio. A cerim\u00f4nia aconteceu neste domingo (27), ao lado do local onde \u00e9 realizada semanalmente a feira de gado. O presidente da CDL Surubim, Il\u00e1rio Pio, esteve presente e parabenizou a diretoria da Sociedade dos Criadores, por essa importante a\u00e7\u00e3o ecol\u00f3gica. &#8220;<em>O parque \u00e9 fundamental para a qualidade de vida de Surubim, pois vai permitir inter- rela\u00e7\u00f5es entre as pessoas, al\u00e9m de ser determinante para a realiza\u00e7\u00e3o de atividades f\u00edsicas e o lazer<\/em>&#8220;, destacou Il\u00e1rio Pio.<\/p>\n<p style=\"text-align: justify;\">Inserido dentro de um terreno de 4,7 hectares onde fica o Parque de Exposi\u00e7\u00f5es Ant\u00f4nio Farias, a cinco quarteir\u00f5es da Pra\u00e7a D\u00eddimo Carneiro, centro hist\u00f3rico da cidade de Surubim, o futuro Parque Ecol\u00f3gico Jos\u00e9 Irineu Cabral ter\u00e1 uma \u00e1rea de 2,5 hectares. Pertencente \u00e0 institui\u00e7\u00e3o que representa os pecuaristas surubinenses \u00e9 um local considerado uma APP-\u00c1rea de Prote\u00e7\u00e3o Permanente, sendo proibida sua ocupa\u00e7\u00e3o por outras atividades que n\u00e3o sejam a preserva\u00e7\u00e3o ambiental. No local, passa um riacho que faz parte da bacia hidrogr\u00e1fica do rio Cai-A\u00ed.<\/p>\n<p><a href=\"http:\/\/cdlsurubim.com.br\/site\/wp-content\/uploads\/2022\/03\/WhatsApp-Image-2022-03-28-at-08.34.04-2.jpeg\" rel=\"attachment wp-att-3134\"><img loading=\"lazy\" decoding=\"async\" class=\"aligncenter size-medium wp-image-3134\" src=\"http:\/\/cdlsurubim.com.br\/site\/wp-content\/uploads\/2022\/03\/WhatsApp-Image-2022-03-28-at-08.34.04-2-300x225.jpeg\" alt=\"WhatsApp Image 2022-03-28 at 08.34.04 (2)\" width=\"300\" height=\"225\" srcset=\"https:\/\/cdlsurubim.com.br\/site\/wp-content\/uploads\/2022\/03\/WhatsApp-Image-2022-03-28-at-08.34.04-2-300x225.jpeg 300w, https:\/\/cdlsurubim.com.br\/site\/wp-content\/uploads\/2022\/03\/WhatsApp-Image-2022-03-28-at-08.34.04-2-768x575.jpeg 768w, https:\/\/cdlsurubim.com.br\/site\/wp-content\/uploads\/2022\/03\/WhatsApp-Image-2022-03-28-at-08.34.04-2-1024x766.jpeg 1024w, https:\/\/cdlsurubim.com.br\/site\/wp-content\/uploads\/2022\/03\/WhatsApp-Image-2022-03-28-at-08.34.04-2.jpeg 1280w\" sizes=\"auto, (max-width: 300px) 100vw, 300px\" \/><\/a><\/p>\n<div id=\"attachment_3136\" style=\"width: 310px\" class=\"wp-caption aligncenter\"><a href=\"http:\/\/cdlsurubim.com.br\/site\/wp-content\/uploads\/2022\/03\/WhatsApp-Image-2022-03-28-at-08.34.04.jpeg\" rel=\"attachment wp-att-3136\"><img loading=\"lazy\" decoding=\"async\" aria-describedby=\"caption-attachment-3136\" class=\"wp-image-3136 size-medium\" src=\"http:\/\/cdlsurubim.com.br\/site\/wp-content\/uploads\/2022\/03\/WhatsApp-Image-2022-03-28-at-08.34.04-300x225.jpeg\" alt=\"WhatsApp Image 2022-03-28 at 08.34.04\" width=\"300\" height=\"225\" srcset=\"https:\/\/cdlsurubim.com.br\/site\/wp-content\/uploads\/2022\/03\/WhatsApp-Image-2022-03-28-at-08.34.04-300x225.jpeg 300w, https:\/\/cdlsurubim.com.br\/site\/wp-content\/uploads\/2022\/03\/WhatsApp-Image-2022-03-28-at-08.34.04-768x577.jpeg 768w, https:\/\/cdlsurubim.com.br\/site\/wp-content\/uploads\/2022\/03\/WhatsApp-Image-2022-03-28-at-08.34.04-1024x769.jpeg 1024w, https:\/\/cdlsurubim.com.br\/site\/wp-content\/uploads\/2022\/03\/WhatsApp-Image-2022-03-28-at-08.34.04.jpeg 1278w\" sizes=\"auto, (max-width: 300px) 100vw, 300px\" \/><\/a><p id=\"caption-attachment-3136\" class=\"wp-caption-text\">Presidente da CDL, Il\u00e1rio, Pio (E), presidente da SCS, Fernando Guerra (C) e o ex-prefeito de Surubim, sr. Antonio Barros (D)<\/p><\/div>\n<p>DA ASCOM CDL \/ Com informa\u00e7\u00f5es do Correio do Agreste.<\/p>\n","protected":false},"excerpt":{"rendered":"<p>Com o in\u00edcio do plantio de cerca de 100 mudas de ip\u00eas amarelos a Sociedade dos Criadores de Surubim (SCS), lan\u00e7ou a pedra fundamental do que ser\u00e1 o primeiro parque ecol\u00f3gico do munic\u00edpio. A cerim\u00f4nia aconteceu neste domingo (27), ao lado do local onde \u00e9 realizada semanalmente [&hellip;]<\/p>\n","protected":false},"author":2,"featured_media":3135,"comment_status":"closed","ping_status":"open","sticky":false,"template":"","format":"standard","meta":{"footnotes":""},"categories":[4],"tags":[],"class_list":["post-3133","post","type-post","status-publish","format-standard","has-post-thumbnail","hentry","category-noticias"],"_links":{"self":[{"href":"https:\/\/cdlsurubim.com.br\/site\/wp-json\/wp\/v2\/posts\/3133","targetHints":{"allow":["GET"]}}],"collection":[{"href":"https:\/\/cdlsurubim.com.br\/site\/wp-json\/wp\/v2\/posts"}],"about":[{"href":"https:\/\/cdlsurubim.com.br\/site\/wp-json\/wp\/v2\/types\/post"}],"author":[{"embeddable":true,"href":"https:\/\/cdlsurubim.com.br\/site\/wp-json\/wp\/v2\/users\/2"}],"replies":[{"embeddable":true,"href":"https:\/\/cdlsurubim.com.br\/site\/wp-json\/wp\/v2\/comments?post=3133"}],"version-history":[{"count":5,"href":"https:\/\/cdlsurubim.com.br\/site\/wp-json\/wp\/v2\/posts\/3133\/revisions"}],"predecessor-version":[{"id":3141,"href":"https:\/\/cdlsurubim.com.br\/site\/wp-json\/wp\/v2\/posts\/3133\/revisions\/3141"}],"wp:featuredmedia":[{"embeddable":true,"href":"https:\/\/cdlsurubim.com.br\/site\/wp-json\/wp\/v2\/media\/3135"}],"wp:attachment":[{"href":"https:\/\/cdlsurubim.com.br\/site\/wp-json\/wp\/v2\/media?parent=3133"}],"wp:term":[{"taxonomy":"category","embeddable":true,"href":"https:\/\/cdlsurubim.com.br\/site\/wp-json\/wp\/v2\/categories?post=3133"},{"taxonomy":"post_tag","embeddable":true,"href":"https:\/\/cdlsurubim.com.br\/site\/wp-json\/wp\/v2\/tags?post=3133"}],"curies":[{"name":"wp","href":"https:\/\/api.w.org\/{rel}","templated":true}]}}