{"id":3130,"date":"2022-03-15T11:01:58","date_gmt":"2022-03-15T14:01:58","guid":{"rendered":"http:\/\/cdlsurubim.com.br\/site\/?p=3130"},"modified":"2022-03-15T11:01:58","modified_gmt":"2022-03-15T14:01:58","slug":"comunicado-cdl-19-de-marco-feriado-municipal-de-surubim-dia-de-sao-jose-3","status":"publish","type":"post","link":"https:\/\/cdlsurubim.com.br\/site\/2022\/03\/comunicado-cdl-19-de-marco-feriado-municipal-de-surubim-dia-de-sao-jose-3\/","title":{"rendered":"Comunicado CDL: 19 de mar\u00e7o, feriado municipal de Surubim, dia de S\u00e3o Jos\u00e9"},"content":{"rendered":"<p style=\"text-align: justify;\">A C\u00e2mara de Dirigentes Lojistas de Surubim (CDL Surubim) comunica a todos os associados e comunidade em geral que, em virtude do feriado religioso, dia de S\u00e3o Jos\u00e9, a entidade n\u00e3o estar\u00e1 funcionando pr\u00f3ximo s\u00e1bado, 19 de mar\u00e7o. Informa ainda que retorna na segunda-feira (21) com expediente normal, a partir das 08h. Contudo, o feriado n\u00e3o impede que algum lojista possa abrir seu com\u00e9rcio. Por\u00e9m, os direitos trabalhistas devem ser pagos de acordo com a legisla\u00e7\u00e3o.<\/p>\n<p style=\"text-align: justify;\"><strong>Feira livre ser\u00e1 antecipada para sexta-feira (18\/03)<\/strong><\/p>\n<p style=\"text-align: justify;\">A tradicional feira livre de Surubim realizada aos s\u00e1bados ser\u00e1 antecipada essa semana para a sexta-feira (18\/03). A medida foi adotada pela Prefeitura, por causa do feriado municipal.<\/p>\n","protected":false},"excerpt":{"rendered":"<p>A C\u00e2mara de Dirigentes Lojistas de Surubim (CDL Surubim) comunica a todos os associados e comunidade em geral que, em virtude do feriado religioso, dia de S\u00e3o Jos\u00e9, a entidade n\u00e3o estar\u00e1 funcionando pr\u00f3ximo s\u00e1bado, 19 de mar\u00e7o. Informa ainda que retorna na segunda-feira (21) com expediente [&hellip;]<\/p>\n","protected":false},"author":2,"featured_media":3080,"comment_status":"closed","ping_status":"open","sticky":false,"template":"","format":"standard","meta":{"footnotes":""},"categories":[4],"tags":[],"class_list":["post-3130","post","type-post","status-publish","format-standard","has-post-thumbnail","hentry","category-noticias"],"_links":{"self":[{"href":"https:\/\/cdlsurubim.com.br\/site\/wp-json\/wp\/v2\/posts\/3130","targetHints":{"allow":["GET"]}}],"collection":[{"href":"https:\/\/cdlsurubim.com.br\/site\/wp-json\/wp\/v2\/posts"}],"about":[{"href":"https:\/\/cdlsurubim.com.br\/site\/wp-json\/wp\/v2\/types\/post"}],"author":[{"embeddable":true,"href":"https:\/\/cdlsurubim.com.br\/site\/wp-json\/wp\/v2\/users\/2"}],"replies":[{"embeddable":true,"href":"https:\/\/cdlsurubim.com.br\/site\/wp-json\/wp\/v2\/comments?post=3130"}],"version-history":[{"count":1,"href":"https:\/\/cdlsurubim.com.br\/site\/wp-json\/wp\/v2\/posts\/3130\/revisions"}],"predecessor-version":[{"id":3131,"href":"https:\/\/cdlsurubim.com.br\/site\/wp-json\/wp\/v2\/posts\/3130\/revisions\/3131"}],"wp:featuredmedia":[{"embeddable":true,"href":"https:\/\/cdlsurubim.com.br\/site\/wp-json\/wp\/v2\/media\/3080"}],"wp:attachment":[{"href":"https:\/\/cdlsurubim.com.br\/site\/wp-json\/wp\/v2\/media?parent=3130"}],"wp:term":[{"taxonomy":"category","embeddable":true,"href":"https:\/\/cdlsurubim.com.br\/site\/wp-json\/wp\/v2\/categories?post=3130"},{"taxonomy":"post_tag","embeddable":true,"href":"https:\/\/cdlsurubim.com.br\/site\/wp-json\/wp\/v2\/tags?post=3130"}],"curies":[{"name":"wp","href":"https:\/\/api.w.org\/{rel}","templated":true}]}}