{"id":3126,"date":"2022-03-11T16:22:26","date_gmt":"2022-03-11T19:22:26","guid":{"rendered":"http:\/\/cdlsurubim.com.br\/site\/?p=3126"},"modified":"2022-03-11T16:23:02","modified_gmt":"2022-03-11T19:23:02","slug":"cdl-apoia-campanha-de-coleta-de-lixo-eletronico-em-surubim","status":"publish","type":"post","link":"https:\/\/cdlsurubim.com.br\/site\/2022\/03\/cdl-apoia-campanha-de-coleta-de-lixo-eletronico-em-surubim\/","title":{"rendered":"Campanha: CDL apoia coleta de lixo eletr\u00f4nico em Surubim"},"content":{"rendered":"<p style=\"text-align: justify;\">Co<a href=\"http:\/\/cdlsurubim.com.br\/site\/wp-content\/uploads\/2022\/03\/WhatsApp-Image-2022-03-11-at-16.15.15.jpeg\" rel=\"attachment wp-att-3127\"><img loading=\"lazy\" decoding=\"async\" class=\"wp-image-3127 alignleft\" src=\"http:\/\/cdlsurubim.com.br\/site\/wp-content\/uploads\/2022\/03\/WhatsApp-Image-2022-03-11-at-16.15.15-300x300.jpeg\" alt=\"WhatsApp Image 2022-03-11 at 16.15.15\" width=\"222\" height=\"222\" srcset=\"https:\/\/cdlsurubim.com.br\/site\/wp-content\/uploads\/2022\/03\/WhatsApp-Image-2022-03-11-at-16.15.15-300x300.jpeg 300w, https:\/\/cdlsurubim.com.br\/site\/wp-content\/uploads\/2022\/03\/WhatsApp-Image-2022-03-11-at-16.15.15-150x150.jpeg 150w, https:\/\/cdlsurubim.com.br\/site\/wp-content\/uploads\/2022\/03\/WhatsApp-Image-2022-03-11-at-16.15.15-768x768.jpeg 768w, https:\/\/cdlsurubim.com.br\/site\/wp-content\/uploads\/2022\/03\/WhatsApp-Image-2022-03-11-at-16.15.15-1024x1024.jpeg 1024w, https:\/\/cdlsurubim.com.br\/site\/wp-content\/uploads\/2022\/03\/WhatsApp-Image-2022-03-11-at-16.15.15.jpeg 1280w\" sizes=\"auto, (max-width: 222px) 100vw, 222px\" \/><\/a>m o elevado uso de equipamentos eletr\u00f4nicos no mundo moderno, este tipo de lixo tem se tornado um grande problema ambiental quando n\u00e3o descartado em locais adequados. Durante o m\u00eas de mar\u00e7o, a prefeitura de Surubim realizar\u00e1 Campanha de coleta de lixo eletr\u00f4nico. A iniciativa conta com o apoio da C\u00e2mara de Dirigentes Lojistas de Surubim, al\u00e9m de incentivar aos lojistas tamb\u00e9m aderirem \u00e0 campanha.<\/p>\n<p style=\"text-align: justify;\">O carro de som passar\u00e1 pelos bairros anunciando o dia e hor\u00e1rio da coleta em cada localidade. Poder\u00e3o ser descartados: eletrodom\u00e9sticos, equipamentos de inform\u00e1tica e eletr\u00f4nicos em geral.<\/p>\n","protected":false},"excerpt":{"rendered":"<p>Com o elevado uso de equipamentos eletr\u00f4nicos no mundo moderno, este tipo de lixo tem se tornado um grande problema ambiental quando n\u00e3o descartado em locais adequados. Durante o m\u00eas de mar\u00e7o, a prefeitura de Surubim realizar\u00e1 Campanha de coleta de lixo eletr\u00f4nico. A iniciativa conta com [&hellip;]<\/p>\n","protected":false},"author":2,"featured_media":3127,"comment_status":"closed","ping_status":"open","sticky":false,"template":"","format":"standard","meta":{"footnotes":""},"categories":[4],"tags":[],"class_list":["post-3126","post","type-post","status-publish","format-standard","has-post-thumbnail","hentry","category-noticias"],"_links":{"self":[{"href":"https:\/\/cdlsurubim.com.br\/site\/wp-json\/wp\/v2\/posts\/3126","targetHints":{"allow":["GET"]}}],"collection":[{"href":"https:\/\/cdlsurubim.com.br\/site\/wp-json\/wp\/v2\/posts"}],"about":[{"href":"https:\/\/cdlsurubim.com.br\/site\/wp-json\/wp\/v2\/types\/post"}],"author":[{"embeddable":true,"href":"https:\/\/cdlsurubim.com.br\/site\/wp-json\/wp\/v2\/users\/2"}],"replies":[{"embeddable":true,"href":"https:\/\/cdlsurubim.com.br\/site\/wp-json\/wp\/v2\/comments?post=3126"}],"version-history":[{"count":2,"href":"https:\/\/cdlsurubim.com.br\/site\/wp-json\/wp\/v2\/posts\/3126\/revisions"}],"predecessor-version":[{"id":3129,"href":"https:\/\/cdlsurubim.com.br\/site\/wp-json\/wp\/v2\/posts\/3126\/revisions\/3129"}],"wp:featuredmedia":[{"embeddable":true,"href":"https:\/\/cdlsurubim.com.br\/site\/wp-json\/wp\/v2\/media\/3127"}],"wp:attachment":[{"href":"https:\/\/cdlsurubim.com.br\/site\/wp-json\/wp\/v2\/media?parent=3126"}],"wp:term":[{"taxonomy":"category","embeddable":true,"href":"https:\/\/cdlsurubim.com.br\/site\/wp-json\/wp\/v2\/categories?post=3126"},{"taxonomy":"post_tag","embeddable":true,"href":"https:\/\/cdlsurubim.com.br\/site\/wp-json\/wp\/v2\/tags?post=3126"}],"curies":[{"name":"wp","href":"https:\/\/api.w.org\/{rel}","templated":true}]}}