{"id":3109,"date":"2022-01-17T08:19:10","date_gmt":"2022-01-17T11:19:10","guid":{"rendered":"http:\/\/cdlsurubim.com.br\/site\/?p=3109"},"modified":"2022-01-17T08:21:20","modified_gmt":"2022-01-17T11:21:20","slug":"comunicado-cdl-20-de-janeiro-feriado-municipal-de-surubim-dia-de-sao-sebastiao-2","status":"publish","type":"post","link":"https:\/\/cdlsurubim.com.br\/site\/2022\/01\/comunicado-cdl-20-de-janeiro-feriado-municipal-de-surubim-dia-de-sao-sebastiao-2\/","title":{"rendered":"Comunicado CDL: 20 de janeiro, feriado municipal de Surubim, dia de S\u00e3o Sebasti\u00e3o"},"content":{"rendered":"<p style=\"text-align: justify;\">A C\u00e2mara de Dirigentes Lojistas de Surubim comunica a todos os associados e comunidade em geral que, na quinta-feira (20), a entidade n\u00e3o ter\u00e1 expediente. A CDL ser\u00e1 fechada em decorr\u00eancia da data em que se comemora o feriado religioso, Dia de S\u00e3o Sebasti\u00e3o, de acordo com a Lei Municipal 499\/2014. Contudo, o feriado n\u00e3o impede que algum lojista possa abrir seu com\u00e9rcio. Por\u00e9m, os direitos trabalhistas devem ser pagos de acordo com a Conven\u00e7\u00e3o Coletiva do Trabalho. Mais informa\u00e7\u00f5es sobre a autoriza\u00e7\u00e3o do funcionamento, entrar em contato com o Sindicato dos Empregados no Com\u00e9rcio de Bens e Servi\u00e7os (Sindecom).<\/p>\n<p style=\"text-align: justify;\">A CDL aproveita a oportunidade para desejar a todos um \u00f3timo feriado. Informa ainda que retorna na sexta-feira (21) com expediente normal, a partir das 08h.<\/p>\n<p style=\"text-align: justify;\">Clique no link e confira c\u00f3pia da Lei: <strong><a href=\"http:\/\/cdlsurubim.com.br\/site\/wp-content\/uploads\/2015\/02\/feriados.jpg\">CLIQUE AQUI!<\/a><\/strong><\/p>\n","protected":false},"excerpt":{"rendered":"<p>A C\u00e2mara de Dirigentes Lojistas de Surubim comunica a todos os associados e comunidade em geral que, na quinta-feira (20), a entidade n\u00e3o ter\u00e1 expediente. A CDL ser\u00e1 fechada em decorr\u00eancia da data em que se comemora o feriado religioso, Dia de S\u00e3o Sebasti\u00e3o, de acordo com [&hellip;]<\/p>\n","protected":false},"author":2,"featured_media":3061,"comment_status":"closed","ping_status":"open","sticky":false,"template":"","format":"standard","meta":{"footnotes":""},"categories":[4],"tags":[],"class_list":["post-3109","post","type-post","status-publish","format-standard","has-post-thumbnail","hentry","category-noticias"],"_links":{"self":[{"href":"https:\/\/cdlsurubim.com.br\/site\/wp-json\/wp\/v2\/posts\/3109","targetHints":{"allow":["GET"]}}],"collection":[{"href":"https:\/\/cdlsurubim.com.br\/site\/wp-json\/wp\/v2\/posts"}],"about":[{"href":"https:\/\/cdlsurubim.com.br\/site\/wp-json\/wp\/v2\/types\/post"}],"author":[{"embeddable":true,"href":"https:\/\/cdlsurubim.com.br\/site\/wp-json\/wp\/v2\/users\/2"}],"replies":[{"embeddable":true,"href":"https:\/\/cdlsurubim.com.br\/site\/wp-json\/wp\/v2\/comments?post=3109"}],"version-history":[{"count":1,"href":"https:\/\/cdlsurubim.com.br\/site\/wp-json\/wp\/v2\/posts\/3109\/revisions"}],"predecessor-version":[{"id":3110,"href":"https:\/\/cdlsurubim.com.br\/site\/wp-json\/wp\/v2\/posts\/3109\/revisions\/3110"}],"wp:featuredmedia":[{"embeddable":true,"href":"https:\/\/cdlsurubim.com.br\/site\/wp-json\/wp\/v2\/media\/3061"}],"wp:attachment":[{"href":"https:\/\/cdlsurubim.com.br\/site\/wp-json\/wp\/v2\/media?parent=3109"}],"wp:term":[{"taxonomy":"category","embeddable":true,"href":"https:\/\/cdlsurubim.com.br\/site\/wp-json\/wp\/v2\/categories?post=3109"},{"taxonomy":"post_tag","embeddable":true,"href":"https:\/\/cdlsurubim.com.br\/site\/wp-json\/wp\/v2\/tags?post=3109"}],"curies":[{"name":"wp","href":"https:\/\/api.w.org\/{rel}","templated":true}]}}