{"id":3105,"date":"2022-01-14T16:34:08","date_gmt":"2022-01-14T19:34:08","guid":{"rendered":"http:\/\/cdlsurubim.com.br\/site\/?p=3105"},"modified":"2022-01-14T16:34:21","modified_gmt":"2022-01-14T19:34:21","slug":"prevencao-cdl-surubim-participa-de-reuniao-sobre-decreto-estadual-no-52-145","status":"publish","type":"post","link":"https:\/\/cdlsurubim.com.br\/site\/2022\/01\/prevencao-cdl-surubim-participa-de-reuniao-sobre-decreto-estadual-no-52-145\/","title":{"rendered":"Preven\u00e7\u00e3o: CDL Surubim participa de reuni\u00e3o sobre Decreto Estadual n\u00ba 52.145"},"content":{"rendered":"<p style=\"text-align: justify;\">O Governo<a href=\"http:\/\/cdlsurubim.com.br\/site\/wp-content\/uploads\/2022\/01\/WhatsApp-Image-2022-01-14-at-16.31.50-1.jpeg\" rel=\"attachment wp-att-3107\"><img loading=\"lazy\" decoding=\"async\" class=\"size-medium wp-image-3107 alignleft\" src=\"http:\/\/cdlsurubim.com.br\/site\/wp-content\/uploads\/2022\/01\/WhatsApp-Image-2022-01-14-at-16.31.50-1-300x137.jpeg\" alt=\"WhatsApp Image 2022-01-14 at 16.31.50\" width=\"300\" height=\"137\" srcset=\"https:\/\/cdlsurubim.com.br\/site\/wp-content\/uploads\/2022\/01\/WhatsApp-Image-2022-01-14-at-16.31.50-1-300x137.jpeg 300w, https:\/\/cdlsurubim.com.br\/site\/wp-content\/uploads\/2022\/01\/WhatsApp-Image-2022-01-14-at-16.31.50-1-768x351.jpeg 768w, https:\/\/cdlsurubim.com.br\/site\/wp-content\/uploads\/2022\/01\/WhatsApp-Image-2022-01-14-at-16.31.50-1-1024x468.jpeg 1024w, https:\/\/cdlsurubim.com.br\/site\/wp-content\/uploads\/2022\/01\/WhatsApp-Image-2022-01-14-at-16.31.50-1.jpeg 1080w\" sizes=\"auto, (max-width: 300px) 100vw, 300px\" \/><\/a> do Estado emitiu o <strong><a href=\"https:\/\/www.pecontracoronavirus.pe.gov.br\/wp-content\/uploads\/2022\/01\/decreto-n-52-145.pdf\">decreto n\u00ba 52.145<\/a><\/strong>, estabelecendo medidas preventivas, como a OBRIGATORIEDADE DO PASSAPORTE VACINAL para entrada em diversos estabelecimentos, por conta do avan\u00e7o dos casos de Covid-19 e da Influenza. Na manh\u00e3 desta sexta-feira (14), foi realizada em Surubim uma reuni\u00e3o entre representantes da Secretaria Municipal de Sa\u00fade, o setor Jur\u00eddico do munic\u00edpio, CDL, MPPE, representantes de bares, restaurantes, lanchonetes, clubes e casas de festa, afim de definir o Plano de Contingenciamento e estrat\u00e9gias para o cumprimento de tais medidas.<\/p>\n<p style=\"text-align: justify;\">\u00c9 necess\u00e1rio que a partir de segunda-feira (17), seja apresentado nesses estabelecimentos o PASSAPORTE VACINAL, COMPROVANDO o esquema de vacina\u00e7\u00e3o completo.<\/p>\n<p style=\"text-align: justify;\">A CDL Surubim esteve representada atrav\u00e9s do vice-presidente \u00c1lvaro Ricardo e do Diretor Administrativo, Ginaldo Oliveira. A entidade destaca que mais uma vez \u00e9 momento de juntarmos nossas for\u00e7as para conscientizar a todos sobre a import\u00e2ncia de continuar vigilante. N\u00e3o podemos deixar nossos empreendimentos fecharem as portas novamente, pois sabemos o quanto fomos afetados durante o lockdown.<\/p>\n<p style=\"text-align: justify;\">\n","protected":false},"excerpt":{"rendered":"<p>O Governo do Estado emitiu o decreto n\u00ba 52.145, estabelecendo medidas preventivas, como a OBRIGATORIEDADE DO PASSAPORTE VACINAL para entrada em diversos estabelecimentos, por conta do avan\u00e7o dos casos de Covid-19 e da Influenza. Na manh\u00e3 desta sexta-feira (14), foi realizada em Surubim uma reuni\u00e3o entre representantes [&hellip;]<\/p>\n","protected":false},"author":2,"featured_media":3106,"comment_status":"closed","ping_status":"open","sticky":false,"template":"","format":"standard","meta":{"footnotes":""},"categories":[4],"tags":[],"class_list":["post-3105","post","type-post","status-publish","format-standard","has-post-thumbnail","hentry","category-noticias"],"_links":{"self":[{"href":"https:\/\/cdlsurubim.com.br\/site\/wp-json\/wp\/v2\/posts\/3105","targetHints":{"allow":["GET"]}}],"collection":[{"href":"https:\/\/cdlsurubim.com.br\/site\/wp-json\/wp\/v2\/posts"}],"about":[{"href":"https:\/\/cdlsurubim.com.br\/site\/wp-json\/wp\/v2\/types\/post"}],"author":[{"embeddable":true,"href":"https:\/\/cdlsurubim.com.br\/site\/wp-json\/wp\/v2\/users\/2"}],"replies":[{"embeddable":true,"href":"https:\/\/cdlsurubim.com.br\/site\/wp-json\/wp\/v2\/comments?post=3105"}],"version-history":[{"count":1,"href":"https:\/\/cdlsurubim.com.br\/site\/wp-json\/wp\/v2\/posts\/3105\/revisions"}],"predecessor-version":[{"id":3108,"href":"https:\/\/cdlsurubim.com.br\/site\/wp-json\/wp\/v2\/posts\/3105\/revisions\/3108"}],"wp:featuredmedia":[{"embeddable":true,"href":"https:\/\/cdlsurubim.com.br\/site\/wp-json\/wp\/v2\/media\/3106"}],"wp:attachment":[{"href":"https:\/\/cdlsurubim.com.br\/site\/wp-json\/wp\/v2\/media?parent=3105"}],"wp:term":[{"taxonomy":"category","embeddable":true,"href":"https:\/\/cdlsurubim.com.br\/site\/wp-json\/wp\/v2\/categories?post=3105"},{"taxonomy":"post_tag","embeddable":true,"href":"https:\/\/cdlsurubim.com.br\/site\/wp-json\/wp\/v2\/tags?post=3105"}],"curies":[{"name":"wp","href":"https:\/\/api.w.org\/{rel}","templated":true}]}}