{"id":3073,"date":"2021-09-09T09:46:02","date_gmt":"2021-09-09T12:46:02","guid":{"rendered":"http:\/\/cdlsurubim.com.br\/site\/?p=3073"},"modified":"2021-09-09T09:46:02","modified_gmt":"2021-09-09T12:46:02","slug":"comunicado-cdl-11-de-setembro-feriado-municipal-emancipacao-politica-de-surubim","status":"publish","type":"post","link":"https:\/\/cdlsurubim.com.br\/site\/2021\/09\/comunicado-cdl-11-de-setembro-feriado-municipal-emancipacao-politica-de-surubim\/","title":{"rendered":"Comunicado CDL: 11 de setembro, feriado municipal, emancipa\u00e7\u00e3o pol\u00edtica de Surubim"},"content":{"rendered":"<p style=\"text-align: justify;\">A C\u00e2mara de Dirigentes Lojistas de Surubim (CDL Surubim) comunica a todos os associados e comunidade em geral que, em virtude do feriado municipal de Anivers\u00e1rio da Emancipa\u00e7\u00e3o Pol\u00edtica de Surubim, a entidade n\u00e3o estar\u00e1 funcionando no s\u00e1bado, 11 de setembro. Informa ainda que retorna na segunda-feira (13) com expediente normal a partir de 08h. Contudo, o feriado n\u00e3o impede que algum lojista possa abrir seu com\u00e9rcio. Por\u00e9m, os direitos trabalhistas devem ser pagos de acordo com a legisla\u00e7\u00e3o.<\/p>\n<p style=\"text-align: justify;\"><strong>Feira livre ser\u00e1 antecipada para sexta-feira (10\/11)<\/strong><\/p>\n<p style=\"text-align: justify;\">A tradicional feira livre de Surubim realizada aos s\u00e1bados ser\u00e1 antecipada essa semana para a sexta-feira (10). A medida foi adotada pela Prefeitura, por causa do feriado municipal de Anivers\u00e1rio da Emancipa\u00e7\u00e3o Pol\u00edtica.<\/p>\n","protected":false},"excerpt":{"rendered":"<p>A C\u00e2mara de Dirigentes Lojistas de Surubim (CDL Surubim) comunica a todos os associados e comunidade em geral que, em virtude do feriado municipal de Anivers\u00e1rio da Emancipa\u00e7\u00e3o Pol\u00edtica de Surubim, a entidade n\u00e3o estar\u00e1 funcionando no s\u00e1bado, 11 de setembro. Informa ainda que retorna na segunda-feira [&hellip;]<\/p>\n","protected":false},"author":2,"featured_media":3061,"comment_status":"closed","ping_status":"open","sticky":false,"template":"","format":"standard","meta":{"footnotes":""},"categories":[4],"tags":[],"class_list":["post-3073","post","type-post","status-publish","format-standard","has-post-thumbnail","hentry","category-noticias"],"_links":{"self":[{"href":"https:\/\/cdlsurubim.com.br\/site\/wp-json\/wp\/v2\/posts\/3073","targetHints":{"allow":["GET"]}}],"collection":[{"href":"https:\/\/cdlsurubim.com.br\/site\/wp-json\/wp\/v2\/posts"}],"about":[{"href":"https:\/\/cdlsurubim.com.br\/site\/wp-json\/wp\/v2\/types\/post"}],"author":[{"embeddable":true,"href":"https:\/\/cdlsurubim.com.br\/site\/wp-json\/wp\/v2\/users\/2"}],"replies":[{"embeddable":true,"href":"https:\/\/cdlsurubim.com.br\/site\/wp-json\/wp\/v2\/comments?post=3073"}],"version-history":[{"count":1,"href":"https:\/\/cdlsurubim.com.br\/site\/wp-json\/wp\/v2\/posts\/3073\/revisions"}],"predecessor-version":[{"id":3074,"href":"https:\/\/cdlsurubim.com.br\/site\/wp-json\/wp\/v2\/posts\/3073\/revisions\/3074"}],"wp:featuredmedia":[{"embeddable":true,"href":"https:\/\/cdlsurubim.com.br\/site\/wp-json\/wp\/v2\/media\/3061"}],"wp:attachment":[{"href":"https:\/\/cdlsurubim.com.br\/site\/wp-json\/wp\/v2\/media?parent=3073"}],"wp:term":[{"taxonomy":"category","embeddable":true,"href":"https:\/\/cdlsurubim.com.br\/site\/wp-json\/wp\/v2\/categories?post=3073"},{"taxonomy":"post_tag","embeddable":true,"href":"https:\/\/cdlsurubim.com.br\/site\/wp-json\/wp\/v2\/tags?post=3073"}],"curies":[{"name":"wp","href":"https:\/\/api.w.org\/{rel}","templated":true}]}}