{"id":3063,"date":"2021-09-07T07:58:53","date_gmt":"2021-09-07T10:58:53","guid":{"rendered":"http:\/\/cdlsurubim.com.br\/site\/?p=3063"},"modified":"2021-09-07T08:57:39","modified_gmt":"2021-09-07T11:57:39","slug":"programa-testape-faz-testagens-da-covid-19-no-comercio-de-surubim","status":"publish","type":"post","link":"https:\/\/cdlsurubim.com.br\/site\/2021\/09\/programa-testape-faz-testagens-da-covid-19-no-comercio-de-surubim\/","title":{"rendered":"&#8216;Programa TestaPE&#8217; faz testagens da Covid-19 no com\u00e9rcio de Surubim"},"content":{"rendered":"<p style=\"text-align: justify;\">A Secretaria de Sa\u00fade de Surubim, realizar\u00e1 a partir da pr\u00f3xima segunda-feira (13), no com\u00e9rcio local, o Programa TestaPE de testagens em colaboradores e empres\u00e1rios. Uma equipe da iniciativa estar\u00e1 presente nas empresas que queiram realizar, possibilitando com testes r\u00e1pidos de ant\u00edgenos disponibilizados pelo Governo de Pernambuco, a detec\u00e7\u00e3o de casos da pandemia.<\/p>\n<p>Na \u00falti<a href=\"http:\/\/cdlsurubim.com.br\/site\/wp-content\/uploads\/2021\/09\/WhatsApp-Image-2021-09-06-at-14.13.44-1.jpeg\" rel=\"attachment wp-att-3064\"><img loading=\"lazy\" decoding=\"async\" class=\"alignleft wp-image-3064\" src=\"http:\/\/cdlsurubim.com.br\/site\/wp-content\/uploads\/2021\/09\/WhatsApp-Image-2021-09-06-at-14.13.44-1-300x149.jpeg\" alt=\"WhatsApp Image 2021-09-06 at 14.13.44 (1)\" width=\"350\" height=\"174\" srcset=\"https:\/\/cdlsurubim.com.br\/site\/wp-content\/uploads\/2021\/09\/WhatsApp-Image-2021-09-06-at-14.13.44-1-300x149.jpeg 300w, https:\/\/cdlsurubim.com.br\/site\/wp-content\/uploads\/2021\/09\/WhatsApp-Image-2021-09-06-at-14.13.44-1-768x382.jpeg 768w, https:\/\/cdlsurubim.com.br\/site\/wp-content\/uploads\/2021\/09\/WhatsApp-Image-2021-09-06-at-14.13.44-1-1024x509.jpeg 1024w, https:\/\/cdlsurubim.com.br\/site\/wp-content\/uploads\/2021\/09\/WhatsApp-Image-2021-09-06-at-14.13.44-1.jpeg 1280w\" sizes=\"auto, (max-width: 350px) 100vw, 350px\" \/><\/a>ma sexta-feira (3), a prefeita Ana C\u00e9lia divulgou em seus canais nas redes sociais sobre a parceria com a CDL Surubim para realizar os testes junto \u00e0 classe lojista. De imediato a prioridade \u00e9 realizar a testagem em padarias e supermercados, por\u00e9m, o segmento do varejo (associados e n\u00e3o associados \u00e0 CDL) pode agendar atrav\u00e9s dos n\u00fameros (81) 3634.1607, 3634.1608.<\/p>\n<p style=\"text-align: justify;\">A testagem \u00e9 gratuita, n\u00e3o \u00e9 obrigat\u00f3ria, e para ser realizada, basta apresentar o documento de CPF. \u201cSer\u00e1 a oportunidade de verificar nas empresas, locais de circula\u00e7\u00e3o frequente, se os colaboradores e empres\u00e1rios, apresentem casos positivos da Covid-19, por meio das testagens r\u00e1pidas fornecidas pelo programa. Em casos de constata\u00e7\u00f5es, a equipe da Secretaria Municipal de Sa\u00fade estar\u00e1 a postos, repassando as orienta\u00e7\u00f5es e tamb\u00e9m providenciando medidas necess\u00e1rias para aqueles que testarem positivo&#8221;, destacou o presidente da CDL Surubim, Il\u00e1rio Pio.<\/p>\n<p style=\"text-align: justify;\"><a href=\"http:\/\/cdlsurubim.com.br\/site\/wp-content\/uploads\/2021\/09\/WhatsApp-Image-2021-09-06-at-14.01.33.jpeg\" rel=\"attachment wp-att-3067\"><img loading=\"lazy\" decoding=\"async\" class=\"aligncenter wp-image-3067\" src=\"http:\/\/cdlsurubim.com.br\/site\/wp-content\/uploads\/2021\/09\/WhatsApp-Image-2021-09-06-at-14.01.33-300x300.jpeg\" alt=\"WhatsApp Image 2021-09-06 at 14.01.33\" width=\"443\" height=\"443\" srcset=\"https:\/\/cdlsurubim.com.br\/site\/wp-content\/uploads\/2021\/09\/WhatsApp-Image-2021-09-06-at-14.01.33-300x300.jpeg 300w, https:\/\/cdlsurubim.com.br\/site\/wp-content\/uploads\/2021\/09\/WhatsApp-Image-2021-09-06-at-14.01.33-150x150.jpeg 150w, https:\/\/cdlsurubim.com.br\/site\/wp-content\/uploads\/2021\/09\/WhatsApp-Image-2021-09-06-at-14.01.33-768x769.jpeg 768w, https:\/\/cdlsurubim.com.br\/site\/wp-content\/uploads\/2021\/09\/WhatsApp-Image-2021-09-06-at-14.01.33-1024x1024.jpeg 1024w, https:\/\/cdlsurubim.com.br\/site\/wp-content\/uploads\/2021\/09\/WhatsApp-Image-2021-09-06-at-14.01.33.jpeg 1080w\" sizes=\"auto, (max-width: 443px) 100vw, 443px\" \/><\/a><\/p>\n","protected":false},"excerpt":{"rendered":"<p>A Secretaria de Sa\u00fade de Surubim, realizar\u00e1 a partir da pr\u00f3xima segunda-feira (13), no com\u00e9rcio local, o Programa TestaPE de testagens em colaboradores e empres\u00e1rios. Uma equipe da iniciativa estar\u00e1 presente nas empresas que queiram realizar, possibilitando com testes r\u00e1pidos de ant\u00edgenos disponibilizados pelo Governo de Pernambuco, [&hellip;]<\/p>\n","protected":false},"author":2,"featured_media":3064,"comment_status":"closed","ping_status":"open","sticky":false,"template":"","format":"standard","meta":{"footnotes":""},"categories":[4],"tags":[],"class_list":["post-3063","post","type-post","status-publish","format-standard","has-post-thumbnail","hentry","category-noticias"],"_links":{"self":[{"href":"https:\/\/cdlsurubim.com.br\/site\/wp-json\/wp\/v2\/posts\/3063","targetHints":{"allow":["GET"]}}],"collection":[{"href":"https:\/\/cdlsurubim.com.br\/site\/wp-json\/wp\/v2\/posts"}],"about":[{"href":"https:\/\/cdlsurubim.com.br\/site\/wp-json\/wp\/v2\/types\/post"}],"author":[{"embeddable":true,"href":"https:\/\/cdlsurubim.com.br\/site\/wp-json\/wp\/v2\/users\/2"}],"replies":[{"embeddable":true,"href":"https:\/\/cdlsurubim.com.br\/site\/wp-json\/wp\/v2\/comments?post=3063"}],"version-history":[{"count":3,"href":"https:\/\/cdlsurubim.com.br\/site\/wp-json\/wp\/v2\/posts\/3063\/revisions"}],"predecessor-version":[{"id":3068,"href":"https:\/\/cdlsurubim.com.br\/site\/wp-json\/wp\/v2\/posts\/3063\/revisions\/3068"}],"wp:featuredmedia":[{"embeddable":true,"href":"https:\/\/cdlsurubim.com.br\/site\/wp-json\/wp\/v2\/media\/3064"}],"wp:attachment":[{"href":"https:\/\/cdlsurubim.com.br\/site\/wp-json\/wp\/v2\/media?parent=3063"}],"wp:term":[{"taxonomy":"category","embeddable":true,"href":"https:\/\/cdlsurubim.com.br\/site\/wp-json\/wp\/v2\/categories?post=3063"},{"taxonomy":"post_tag","embeddable":true,"href":"https:\/\/cdlsurubim.com.br\/site\/wp-json\/wp\/v2\/tags?post=3063"}],"curies":[{"name":"wp","href":"https:\/\/api.w.org\/{rel}","templated":true}]}}