{"id":3060,"date":"2021-09-03T18:10:04","date_gmt":"2021-09-03T21:10:04","guid":{"rendered":"http:\/\/cdlsurubim.com.br\/site\/?p=3060"},"modified":"2021-09-03T18:10:04","modified_gmt":"2021-09-03T21:10:04","slug":"comunicado-cdl-surubim-feriado-dia-da-independencia-do-brasil-0709","status":"publish","type":"post","link":"https:\/\/cdlsurubim.com.br\/site\/2021\/09\/comunicado-cdl-surubim-feriado-dia-da-independencia-do-brasil-0709\/","title":{"rendered":"Comunicado CDL Surubim \u2013 Feriado Dia da Independ\u00eancia do Brasil (07\/09)"},"content":{"rendered":"<p style=\"text-align: justify;\">A C\u00e2mara de Dirigentes Lojistas de Surubim (CDL) comunica a todos os associados e comunidade em geral que, estaremos funcionando normalmente na segunda-feira (6), pois o ponto facultativo decretado pela Prefeitura \u00e9 apenas para o setor p\u00fablico municipal, n\u00e3o aplicado para o com\u00e9rcio.<\/p>\n<p style=\"text-align: justify;\">Em virtude do feriado do Dia da Independ\u00eancia do Brasil, a entidade n\u00e3o estar\u00e1 funcionando na pr\u00f3xima ter\u00e7a-feira (07\/09). Contudo, o feriado n\u00e3o impede que algum lojista possa abrir seu com\u00e9rcio. Por\u00e9m, os direitos trabalhistas devem ser pagos de acordo com a Conven\u00e7\u00e3o Coletiva do Trabalho. Destacamos que estaremos funcionando normalmente na segunda-feira (6) Informa ainda que retorna na quarta-feira (08) com expediente normal, a partir das 08h.<\/p>\n<p style=\"text-align: justify;\"><a href=\"http:\/\/cdlsurubim.com.br\/site\/wp-content\/uploads\/2021\/09\/WhatsApp-Image-2021-09-03-at-17.59.07.jpeg\" rel=\"attachment wp-att-3061\"><img loading=\"lazy\" decoding=\"async\" class=\"aligncenter size-medium wp-image-3061\" src=\"http:\/\/cdlsurubim.com.br\/site\/wp-content\/uploads\/2021\/09\/WhatsApp-Image-2021-09-03-at-17.59.07-300x190.jpeg\" alt=\"WhatsApp Image 2021-09-03 at 17.59.07\" width=\"300\" height=\"190\" srcset=\"https:\/\/cdlsurubim.com.br\/site\/wp-content\/uploads\/2021\/09\/WhatsApp-Image-2021-09-03-at-17.59.07-300x190.jpeg 300w, https:\/\/cdlsurubim.com.br\/site\/wp-content\/uploads\/2021\/09\/WhatsApp-Image-2021-09-03-at-17.59.07-768x487.jpeg 768w, https:\/\/cdlsurubim.com.br\/site\/wp-content\/uploads\/2021\/09\/WhatsApp-Image-2021-09-03-at-17.59.07-1024x649.jpeg 1024w, https:\/\/cdlsurubim.com.br\/site\/wp-content\/uploads\/2021\/09\/WhatsApp-Image-2021-09-03-at-17.59.07.jpeg 1280w\" sizes=\"auto, (max-width: 300px) 100vw, 300px\" \/><\/a><\/p>\n","protected":false},"excerpt":{"rendered":"<p>A C\u00e2mara de Dirigentes Lojistas de Surubim (CDL) comunica a todos os associados e comunidade em geral que, estaremos funcionando normalmente na segunda-feira (6), pois o ponto facultativo decretado pela Prefeitura \u00e9 apenas para o setor p\u00fablico municipal, n\u00e3o aplicado para o com\u00e9rcio. Em virtude do feriado [&hellip;]<\/p>\n","protected":false},"author":2,"featured_media":3061,"comment_status":"closed","ping_status":"open","sticky":false,"template":"","format":"standard","meta":{"footnotes":""},"categories":[4],"tags":[85],"class_list":["post-3060","post","type-post","status-publish","format-standard","has-post-thumbnail","hentry","category-noticias","tag-assessoria-de-imprensa-cdl-surubim"],"_links":{"self":[{"href":"https:\/\/cdlsurubim.com.br\/site\/wp-json\/wp\/v2\/posts\/3060","targetHints":{"allow":["GET"]}}],"collection":[{"href":"https:\/\/cdlsurubim.com.br\/site\/wp-json\/wp\/v2\/posts"}],"about":[{"href":"https:\/\/cdlsurubim.com.br\/site\/wp-json\/wp\/v2\/types\/post"}],"author":[{"embeddable":true,"href":"https:\/\/cdlsurubim.com.br\/site\/wp-json\/wp\/v2\/users\/2"}],"replies":[{"embeddable":true,"href":"https:\/\/cdlsurubim.com.br\/site\/wp-json\/wp\/v2\/comments?post=3060"}],"version-history":[{"count":1,"href":"https:\/\/cdlsurubim.com.br\/site\/wp-json\/wp\/v2\/posts\/3060\/revisions"}],"predecessor-version":[{"id":3062,"href":"https:\/\/cdlsurubim.com.br\/site\/wp-json\/wp\/v2\/posts\/3060\/revisions\/3062"}],"wp:featuredmedia":[{"embeddable":true,"href":"https:\/\/cdlsurubim.com.br\/site\/wp-json\/wp\/v2\/media\/3061"}],"wp:attachment":[{"href":"https:\/\/cdlsurubim.com.br\/site\/wp-json\/wp\/v2\/media?parent=3060"}],"wp:term":[{"taxonomy":"category","embeddable":true,"href":"https:\/\/cdlsurubim.com.br\/site\/wp-json\/wp\/v2\/categories?post=3060"},{"taxonomy":"post_tag","embeddable":true,"href":"https:\/\/cdlsurubim.com.br\/site\/wp-json\/wp\/v2\/tags?post=3060"}],"curies":[{"name":"wp","href":"https:\/\/api.w.org\/{rel}","templated":true}]}}