{"id":3055,"date":"2021-09-03T08:27:19","date_gmt":"2021-09-03T11:27:19","guid":{"rendered":"http:\/\/cdlsurubim.com.br\/site\/?p=3055"},"modified":"2021-09-03T08:29:40","modified_gmt":"2021-09-03T11:29:40","slug":"semana-brasil-2021-comeca-nesta-sexta-ate-13-de-setembro-em-todo-o-pais","status":"publish","type":"post","link":"https:\/\/cdlsurubim.com.br\/site\/2021\/09\/semana-brasil-2021-comeca-nesta-sexta-ate-13-de-setembro-em-todo-o-pais\/","title":{"rendered":"Semana Brasil 2021 come\u00e7a nesta sexta at\u00e9 13 de setembro em todo o pa\u00eds"},"content":{"rendered":"<p><a href=\"http:\/\/cdlsurubim.com.br\/site\/wp-content\/uploads\/2021\/09\/WhatsApp-Image-2021-09-03-at-08.21.21.jpeg\" rel=\"attachment wp-att-3056\"><img loading=\"lazy\" decoding=\"async\" class=\"aligncenter wp-image-3056\" src=\"http:\/\/cdlsurubim.com.br\/site\/wp-content\/uploads\/2021\/09\/WhatsApp-Image-2021-09-03-at-08.21.21-300x105.jpeg\" alt=\"WhatsApp Image 2021-09-03 at 08.21.21\" width=\"606\" height=\"212\" srcset=\"https:\/\/cdlsurubim.com.br\/site\/wp-content\/uploads\/2021\/09\/WhatsApp-Image-2021-09-03-at-08.21.21-300x105.jpeg 300w, https:\/\/cdlsurubim.com.br\/site\/wp-content\/uploads\/2021\/09\/WhatsApp-Image-2021-09-03-at-08.21.21-768x270.jpeg 768w, https:\/\/cdlsurubim.com.br\/site\/wp-content\/uploads\/2021\/09\/WhatsApp-Image-2021-09-03-at-08.21.21-1024x360.jpeg 1024w, https:\/\/cdlsurubim.com.br\/site\/wp-content\/uploads\/2021\/09\/WhatsApp-Image-2021-09-03-at-08.21.21.jpeg 1280w\" sizes=\"auto, (max-width: 606px) 100vw, 606px\" \/><\/a><\/p>\n<p><em><strong>Campanha aproveita o 7 de setembro para estimular as vendas e despertar o esp\u00edrito c\u00edvico do brasileiro<\/strong><\/em><\/p>\n<p style=\"text-align: justify;\">A terceira edi\u00e7\u00e3o da Semana Brasil acontecer\u00e1 de 3 a 13 de setembro e pretende incentivar o sentimento de patriotismo da popula\u00e7\u00e3o e, ao mesmo tempo, gerar um ambiente de confian\u00e7a do com\u00e9rcio.<\/p>\n<p style=\"text-align: justify;\">A ideia da campanha \u00e9 incentivar o varejista a realizar promo\u00e7\u00f5es no per\u00edodo, oferecendo produtos ao consumidor com pre\u00e7os especiais. A iniciativa, que tem apoio do Sistema CNDL, \u00e9 coordenada pelo IDV \u2013 Instituto para Desenvolvimento do Varejo, pela ACSP \u2013 Associa\u00e7\u00e3o Comercial de S\u00e3o Paulo e pela SECOM \u2013 Secretaria Especial de Comunica\u00e7\u00e3o Social do Governo Federal.<\/p>\n<p style=\"text-align: justify;\">Para o presidente da Confedera\u00e7\u00e3o Nacional de Dirigentes Lojistas (CNDL), Jos\u00e9 C\u00e9sar da Costa, a Semana Brasil surge em um momento importante para o varejo.<\/p>\n<p style=\"text-align: justify;\">\u201cO pa\u00eds vive um momento de retomada das atividades econ\u00f4micas e o avan\u00e7o da vacina\u00e7\u00e3o contribui para esse sentimento de confian\u00e7a e esperan\u00e7a. A Semana Brasil \u00e9 uma importante a\u00e7\u00e3o que ajuda a impulsionar as vendas e, ao mesmo tempo, desperta o esp\u00edrito c\u00edvico brasileiro\u201d, destaca Costa.<\/p>\n<p style=\"text-align: justify;\">Nas duas edi\u00e7\u00f5es anteriores houve o engajamento de todos os setores do varejo, com\u00e9rcio e servi\u00e7os, e os consumidores tiveram benef\u00edcios reais.<a href=\"http:\/\/cdlsurubim.com.br\/site\/wp-content\/uploads\/2021\/09\/WhatsApp-Image-2021-09-03-at-08.25.57.jpeg\" rel=\"attachment wp-att-3057\"><img loading=\"lazy\" decoding=\"async\" class=\"size-medium wp-image-3057 alignright\" src=\"http:\/\/cdlsurubim.com.br\/site\/wp-content\/uploads\/2021\/09\/WhatsApp-Image-2021-09-03-at-08.25.57-300x183.jpeg\" alt=\"WhatsApp Image 2021-09-03 at 08.25.57\" width=\"300\" height=\"183\" srcset=\"https:\/\/cdlsurubim.com.br\/site\/wp-content\/uploads\/2021\/09\/WhatsApp-Image-2021-09-03-at-08.25.57-300x183.jpeg 300w, https:\/\/cdlsurubim.com.br\/site\/wp-content\/uploads\/2021\/09\/WhatsApp-Image-2021-09-03-at-08.25.57-768x468.jpeg 768w, https:\/\/cdlsurubim.com.br\/site\/wp-content\/uploads\/2021\/09\/WhatsApp-Image-2021-09-03-at-08.25.57-1024x623.jpeg 1024w, https:\/\/cdlsurubim.com.br\/site\/wp-content\/uploads\/2021\/09\/WhatsApp-Image-2021-09-03-at-08.25.57.jpeg 1140w\" sizes=\"auto, (max-width: 300px) 100vw, 300px\" \/><\/a><\/p>\n<p style=\"text-align: justify;\">\u201cEstamos mobilizando todo o varejo para viabilizar as a\u00e7\u00f5es promocionais da melhor forma. Esta \u00e9 uma a\u00e7\u00e3o totalmente suprapartid\u00e1ria, que trar\u00e1 benef\u00edcios para a economia do pa\u00eds como um todo\u201d, comenta Marcelo Silva, presidente do IDV.<\/p>\n<p style=\"text-align: justify;\"><strong>Baixe a identidade visual da campanha e prepare-se:<\/strong><br \/>\n<strong><a href=\"https:\/\/www.participesemanabrasil.com.br\/\">https:\/\/www.participesemanabrasil.com.br\/<\/a><\/strong><\/p>\n","protected":false},"excerpt":{"rendered":"<p>Campanha aproveita o 7 de setembro para estimular as vendas e despertar o esp\u00edrito c\u00edvico do brasileiro A terceira edi\u00e7\u00e3o da Semana Brasil acontecer\u00e1 de 3 a 13 de setembro e pretende incentivar o sentimento de patriotismo da popula\u00e7\u00e3o e, ao mesmo tempo, gerar um ambiente de [&hellip;]<\/p>\n","protected":false},"author":2,"featured_media":3057,"comment_status":"closed","ping_status":"open","sticky":false,"template":"","format":"standard","meta":{"footnotes":""},"categories":[4],"tags":[],"class_list":["post-3055","post","type-post","status-publish","format-standard","has-post-thumbnail","hentry","category-noticias"],"_links":{"self":[{"href":"https:\/\/cdlsurubim.com.br\/site\/wp-json\/wp\/v2\/posts\/3055","targetHints":{"allow":["GET"]}}],"collection":[{"href":"https:\/\/cdlsurubim.com.br\/site\/wp-json\/wp\/v2\/posts"}],"about":[{"href":"https:\/\/cdlsurubim.com.br\/site\/wp-json\/wp\/v2\/types\/post"}],"author":[{"embeddable":true,"href":"https:\/\/cdlsurubim.com.br\/site\/wp-json\/wp\/v2\/users\/2"}],"replies":[{"embeddable":true,"href":"https:\/\/cdlsurubim.com.br\/site\/wp-json\/wp\/v2\/comments?post=3055"}],"version-history":[{"count":2,"href":"https:\/\/cdlsurubim.com.br\/site\/wp-json\/wp\/v2\/posts\/3055\/revisions"}],"predecessor-version":[{"id":3059,"href":"https:\/\/cdlsurubim.com.br\/site\/wp-json\/wp\/v2\/posts\/3055\/revisions\/3059"}],"wp:featuredmedia":[{"embeddable":true,"href":"https:\/\/cdlsurubim.com.br\/site\/wp-json\/wp\/v2\/media\/3057"}],"wp:attachment":[{"href":"https:\/\/cdlsurubim.com.br\/site\/wp-json\/wp\/v2\/media?parent=3055"}],"wp:term":[{"taxonomy":"category","embeddable":true,"href":"https:\/\/cdlsurubim.com.br\/site\/wp-json\/wp\/v2\/categories?post=3055"},{"taxonomy":"post_tag","embeddable":true,"href":"https:\/\/cdlsurubim.com.br\/site\/wp-json\/wp\/v2\/tags?post=3055"}],"curies":[{"name":"wp","href":"https:\/\/api.w.org\/{rel}","templated":true}]}}