{"id":305,"date":"2012-06-15T10:45:40","date_gmt":"2012-06-15T13:45:40","guid":{"rendered":"http:\/\/cdlsurubim.com.br\/site\/?p=305"},"modified":"2012-06-15T10:45:40","modified_gmt":"2012-06-15T13:45:40","slug":"varejo-registra-alta-de-908-nas-vendas-do-dia-dos-namorados-diz-spc-brasil","status":"publish","type":"post","link":"https:\/\/cdlsurubim.com.br\/site\/2012\/06\/varejo-registra-alta-de-908-nas-vendas-do-dia-dos-namorados-diz-spc-brasil\/","title":{"rendered":"Varejo registra alta de 9,08% nas vendas do Dia dos Namorados, diz SPC Brasil"},"content":{"rendered":"<p>O\u00a0<strong>SPC Brasil<\/strong>\u00a0(<strong>Servi\u00e7o de Prote\u00e7\u00e3o ao Cr\u00e9dito<\/strong>) apurou alta de 9,08% nas vendas do varejo na semana que antecedeu o Dia dos Namorados 2012. O resultado veio acima da proje\u00e7\u00e3o inicial da\u00a0<strong>CNDL<\/strong>\u00a0(<strong>Confedera\u00e7\u00e3o Nacional de Dirigentes Lojistas<\/strong>), de crescimento de 4,5%, e se refere \u00e0 varia\u00e7\u00e3o registrada entre 2011 e 2012.<\/p>\n<p>Conforme avalia\u00e7\u00e3o do economista Nelson Barrizzelli, do\u00a0<strong>SPC Brasil<\/strong>\u00a0e da\u00a0<strong>CNDL<\/strong>, o crescimento de 9,08% das vendas \u00e9 consistente com a maneira pela qual o consumidor est\u00e1 se comportando este ano, al\u00e9m de considerar um movimento at\u00edpico de consumo elevado nos shopping centers e lojas por conta do feriad\u00e3o de Corpus Christi, que neste ano ocorreu na primeira quinta-feira de junho, dia 7, o que propiciou compras de final de semana, as quais tendem naturalmente a serem mais robustas.<\/p>\n<p>Vale ressaltar, diz Barrizzelli, que em 2011 o feriado de Corpus Christi caiu apenas no dia 23 de junho, n\u00e3o influenciando, assim, as vendas de Dia dos Namorados.<\/p>\n<p>O economista do\u00a0<strong>SPC Brasil<\/strong>\u00a0e da\u00a0<strong>CNDL<\/strong>\u00a0citou que os dados divulgados pelo IBGE (Instituto Brasileiro de Geografia e Estat\u00edstica) em mar\u00e7o deste ano, que mostram que o varejo brasileiro cresceu 12,5% quando comparado com mar\u00e7o de 2011 s\u00e3o um bom exemplo da for\u00e7a do setor e da demanda interna.<\/p>\n<p>Fonte: CNDL<\/p>\n","protected":false},"excerpt":{"rendered":"<p>O\u00a0SPC Brasil\u00a0(Servi\u00e7o de Prote\u00e7\u00e3o ao Cr\u00e9dito) apurou alta de 9,08% nas vendas do varejo na semana que antecedeu o Dia dos Namorados 2012. O resultado veio acima da proje\u00e7\u00e3o inicial da\u00a0CNDL\u00a0(Confedera\u00e7\u00e3o Nacional de Dirigentes Lojistas), de crescimento de 4,5%, e se refere \u00e0 varia\u00e7\u00e3o registrada entre 2011 [&hellip;]<\/p>\n","protected":false},"author":2,"featured_media":306,"comment_status":"closed","ping_status":"open","sticky":false,"template":"","format":"standard","meta":{"footnotes":""},"categories":[4],"tags":[],"class_list":["post-305","post","type-post","status-publish","format-standard","has-post-thumbnail","hentry","category-noticias"],"_links":{"self":[{"href":"https:\/\/cdlsurubim.com.br\/site\/wp-json\/wp\/v2\/posts\/305","targetHints":{"allow":["GET"]}}],"collection":[{"href":"https:\/\/cdlsurubim.com.br\/site\/wp-json\/wp\/v2\/posts"}],"about":[{"href":"https:\/\/cdlsurubim.com.br\/site\/wp-json\/wp\/v2\/types\/post"}],"author":[{"embeddable":true,"href":"https:\/\/cdlsurubim.com.br\/site\/wp-json\/wp\/v2\/users\/2"}],"replies":[{"embeddable":true,"href":"https:\/\/cdlsurubim.com.br\/site\/wp-json\/wp\/v2\/comments?post=305"}],"version-history":[{"count":2,"href":"https:\/\/cdlsurubim.com.br\/site\/wp-json\/wp\/v2\/posts\/305\/revisions"}],"predecessor-version":[{"id":308,"href":"https:\/\/cdlsurubim.com.br\/site\/wp-json\/wp\/v2\/posts\/305\/revisions\/308"}],"wp:featuredmedia":[{"embeddable":true,"href":"https:\/\/cdlsurubim.com.br\/site\/wp-json\/wp\/v2\/media\/306"}],"wp:attachment":[{"href":"https:\/\/cdlsurubim.com.br\/site\/wp-json\/wp\/v2\/media?parent=305"}],"wp:term":[{"taxonomy":"category","embeddable":true,"href":"https:\/\/cdlsurubim.com.br\/site\/wp-json\/wp\/v2\/categories?post=305"},{"taxonomy":"post_tag","embeddable":true,"href":"https:\/\/cdlsurubim.com.br\/site\/wp-json\/wp\/v2\/tags?post=305"}],"curies":[{"name":"wp","href":"https:\/\/api.w.org\/{rel}","templated":true}]}}