{"id":3047,"date":"2021-08-06T14:24:12","date_gmt":"2021-08-06T17:24:12","guid":{"rendered":"http:\/\/cdlsurubim.com.br\/site\/?p=3047"},"modified":"2021-08-06T14:24:12","modified_gmt":"2021-08-06T17:24:12","slug":"cdl-parabeniza-oab-surubim-pelos-31-anos-de-fundacao","status":"publish","type":"post","link":"https:\/\/cdlsurubim.com.br\/site\/2021\/08\/cdl-parabeniza-oab-surubim-pelos-31-anos-de-fundacao\/","title":{"rendered":"CDL parabeniza OAB Surubim pelos 31 anos de funda\u00e7\u00e3o"},"content":{"rendered":"<p style=\"text-align: justify;\">Nesta sexta-feira (06), a Ordem dos Advogados do Brasil Subse\u00e7\u00e3o de Surubim, comemora seu 31\u00b0 anivers\u00e1rio de funda\u00e7\u00e3o. A C\u00e2mara de Dirigentes Lojistas de Surubim, em nome de seu presidente Il\u00e1rio Ant\u00f4nio do Nascimento Pio, parabeniza a OAB Surubim pelos 31 anos de presta\u00e7\u00e3o de servi\u00e7os aos surubinenses e da regi\u00e3o. Comemorar os 31 anos da OAB Surubim \u00e9 celebrar tamb\u00e9m a defesa das prerrogativas da advocacia e dos direitos dos cidad\u00e3os. Parab\u00e9ns!<\/p>\n<p style=\"text-align: justify;\"><a href=\"http:\/\/cdlsurubim.com.br\/site\/wp-content\/uploads\/2021\/08\/WhatsApp-Image-2021-08-06-at-14.20.54.jpeg\" rel=\"attachment wp-att-3048\"><img loading=\"lazy\" decoding=\"async\" class=\"aligncenter size-medium wp-image-3048\" src=\"http:\/\/cdlsurubim.com.br\/site\/wp-content\/uploads\/2021\/08\/WhatsApp-Image-2021-08-06-at-14.20.54-300x300.jpeg\" alt=\"WhatsApp Image 2021-08-06 at 14.20.54\" width=\"300\" height=\"300\" srcset=\"https:\/\/cdlsurubim.com.br\/site\/wp-content\/uploads\/2021\/08\/WhatsApp-Image-2021-08-06-at-14.20.54-300x300.jpeg 300w, https:\/\/cdlsurubim.com.br\/site\/wp-content\/uploads\/2021\/08\/WhatsApp-Image-2021-08-06-at-14.20.54-150x150.jpeg 150w, https:\/\/cdlsurubim.com.br\/site\/wp-content\/uploads\/2021\/08\/WhatsApp-Image-2021-08-06-at-14.20.54-768x768.jpeg 768w, https:\/\/cdlsurubim.com.br\/site\/wp-content\/uploads\/2021\/08\/WhatsApp-Image-2021-08-06-at-14.20.54-1024x1024.jpeg 1024w, https:\/\/cdlsurubim.com.br\/site\/wp-content\/uploads\/2021\/08\/WhatsApp-Image-2021-08-06-at-14.20.54.jpeg 1280w\" sizes=\"auto, (max-width: 300px) 100vw, 300px\" \/><\/a><\/p>\n","protected":false},"excerpt":{"rendered":"<p>Nesta sexta-feira (06), a Ordem dos Advogados do Brasil Subse\u00e7\u00e3o de Surubim, comemora seu 31\u00b0 anivers\u00e1rio de funda\u00e7\u00e3o. A C\u00e2mara de Dirigentes Lojistas de Surubim, em nome de seu presidente Il\u00e1rio Ant\u00f4nio do Nascimento Pio, parabeniza a OAB Surubim pelos 31 anos de presta\u00e7\u00e3o de servi\u00e7os aos [&hellip;]<\/p>\n","protected":false},"author":2,"featured_media":3048,"comment_status":"closed","ping_status":"open","sticky":false,"template":"","format":"standard","meta":{"footnotes":""},"categories":[4],"tags":[],"class_list":["post-3047","post","type-post","status-publish","format-standard","has-post-thumbnail","hentry","category-noticias"],"_links":{"self":[{"href":"https:\/\/cdlsurubim.com.br\/site\/wp-json\/wp\/v2\/posts\/3047","targetHints":{"allow":["GET"]}}],"collection":[{"href":"https:\/\/cdlsurubim.com.br\/site\/wp-json\/wp\/v2\/posts"}],"about":[{"href":"https:\/\/cdlsurubim.com.br\/site\/wp-json\/wp\/v2\/types\/post"}],"author":[{"embeddable":true,"href":"https:\/\/cdlsurubim.com.br\/site\/wp-json\/wp\/v2\/users\/2"}],"replies":[{"embeddable":true,"href":"https:\/\/cdlsurubim.com.br\/site\/wp-json\/wp\/v2\/comments?post=3047"}],"version-history":[{"count":1,"href":"https:\/\/cdlsurubim.com.br\/site\/wp-json\/wp\/v2\/posts\/3047\/revisions"}],"predecessor-version":[{"id":3049,"href":"https:\/\/cdlsurubim.com.br\/site\/wp-json\/wp\/v2\/posts\/3047\/revisions\/3049"}],"wp:featuredmedia":[{"embeddable":true,"href":"https:\/\/cdlsurubim.com.br\/site\/wp-json\/wp\/v2\/media\/3048"}],"wp:attachment":[{"href":"https:\/\/cdlsurubim.com.br\/site\/wp-json\/wp\/v2\/media?parent=3047"}],"wp:term":[{"taxonomy":"category","embeddable":true,"href":"https:\/\/cdlsurubim.com.br\/site\/wp-json\/wp\/v2\/categories?post=3047"},{"taxonomy":"post_tag","embeddable":true,"href":"https:\/\/cdlsurubim.com.br\/site\/wp-json\/wp\/v2\/tags?post=3047"}],"curies":[{"name":"wp","href":"https:\/\/api.w.org\/{rel}","templated":true}]}}