{"id":2966,"date":"2021-03-31T16:46:31","date_gmt":"2021-03-31T19:46:31","guid":{"rendered":"http:\/\/cdlsurubim.com.br\/site\/?p=2966"},"modified":"2021-03-31T16:48:39","modified_gmt":"2021-03-31T19:48:39","slug":"comercio-de-surubim-reabre-nesta-quinta-feira-1-em-horario-especial","status":"publish","type":"post","link":"https:\/\/cdlsurubim.com.br\/site\/2021\/03\/comercio-de-surubim-reabre-nesta-quinta-feira-1-em-horario-especial\/","title":{"rendered":"Com\u00e9rcio de Surubim reabre nesta quinta-feira (1) em hor\u00e1rio especial"},"content":{"rendered":"<p style=\"text-align: justify;\">A partir desta quinta-feira (1), o com\u00e9rcio de Surubim retoma as atividades em hor\u00e1rio especial de acordo com\u00a0Decreto Municipal n\u00b0 16\/2021 de 31 de mar\u00e7o de 2021. Conforme o documento, o hor\u00e1rio do com\u00e9rcio varejista ficou adequado das 8h \u00e0s 18h de segunda \u00e0 sexta-feira, e aos s\u00e1bados das 07h \u00e0s 15h. A adequa\u00e7\u00e3o dos hor\u00e1rios aconteceu nesta quarta-feira (31), atrav\u00e9s de reuni\u00e3o com a participa\u00e7\u00e3o da prefeita Ana C\u00e9lia, do presidente da CDL Surubim, Il\u00e1rio Pio, al\u00e9m dos representantes do Minist\u00e9rio P\u00fablico e da Pol\u00edcia Militar (PM).<\/p>\n<p style=\"text-align: justify;\">Para a reabertura, os lojistas devem continuar seguindo os protocolos sanit\u00e1rios determinados pelas autoridades,\u00a0exigindo o uso obrigat\u00f3rio da m\u00e1scara, n\u00famero reduzido de entradas, higieniza\u00e7\u00e3o das m\u00e3os com \u00e1lcool 70%,\u00a0al\u00e9m de orienta\u00e7\u00e3o para manuten\u00e7\u00e3o do distanciamento social em suas instala\u00e7\u00f5es. Confira abaixo, o documento na \u00edntegra, clique no link:\u00a0<a href=\"http:\/\/cdlsurubim.com.br\/site\/wp-content\/uploads\/2021\/03\/DECRETO.pdf\" rel=\"\">DECRETO<\/a><\/p>\n","protected":false},"excerpt":{"rendered":"<p>A partir desta quinta-feira (1), o com\u00e9rcio de Surubim retoma as atividades em hor\u00e1rio especial de acordo com\u00a0Decreto Municipal n\u00b0 16\/2021 de 31 de mar\u00e7o de 2021. Conforme o documento, o hor\u00e1rio do com\u00e9rcio varejista ficou adequado das 8h \u00e0s 18h de segunda \u00e0 sexta-feira, e aos [&hellip;]<\/p>\n","protected":false},"author":2,"featured_media":2968,"comment_status":"closed","ping_status":"open","sticky":false,"template":"","format":"standard","meta":{"footnotes":""},"categories":[4],"tags":[],"class_list":["post-2966","post","type-post","status-publish","format-standard","has-post-thumbnail","hentry","category-noticias"],"_links":{"self":[{"href":"https:\/\/cdlsurubim.com.br\/site\/wp-json\/wp\/v2\/posts\/2966","targetHints":{"allow":["GET"]}}],"collection":[{"href":"https:\/\/cdlsurubim.com.br\/site\/wp-json\/wp\/v2\/posts"}],"about":[{"href":"https:\/\/cdlsurubim.com.br\/site\/wp-json\/wp\/v2\/types\/post"}],"author":[{"embeddable":true,"href":"https:\/\/cdlsurubim.com.br\/site\/wp-json\/wp\/v2\/users\/2"}],"replies":[{"embeddable":true,"href":"https:\/\/cdlsurubim.com.br\/site\/wp-json\/wp\/v2\/comments?post=2966"}],"version-history":[{"count":1,"href":"https:\/\/cdlsurubim.com.br\/site\/wp-json\/wp\/v2\/posts\/2966\/revisions"}],"predecessor-version":[{"id":2969,"href":"https:\/\/cdlsurubim.com.br\/site\/wp-json\/wp\/v2\/posts\/2966\/revisions\/2969"}],"wp:featuredmedia":[{"embeddable":true,"href":"https:\/\/cdlsurubim.com.br\/site\/wp-json\/wp\/v2\/media\/2968"}],"wp:attachment":[{"href":"https:\/\/cdlsurubim.com.br\/site\/wp-json\/wp\/v2\/media?parent=2966"}],"wp:term":[{"taxonomy":"category","embeddable":true,"href":"https:\/\/cdlsurubim.com.br\/site\/wp-json\/wp\/v2\/categories?post=2966"},{"taxonomy":"post_tag","embeddable":true,"href":"https:\/\/cdlsurubim.com.br\/site\/wp-json\/wp\/v2\/tags?post=2966"}],"curies":[{"name":"wp","href":"https:\/\/api.w.org\/{rel}","templated":true}]}}