{"id":2959,"date":"2021-03-18T17:42:15","date_gmt":"2021-03-18T20:42:15","guid":{"rendered":"http:\/\/cdlsurubim.com.br\/site\/?p=2959"},"modified":"2021-03-18T18:14:50","modified_gmt":"2021-03-18T21:14:50","slug":"comunicado-cdl-19-de-marco-feriado-municipal-de-surubim-dia-de-sao-jose-2","status":"publish","type":"post","link":"https:\/\/cdlsurubim.com.br\/site\/2021\/03\/comunicado-cdl-19-de-marco-feriado-municipal-de-surubim-dia-de-sao-jose-2\/","title":{"rendered":"Comunicado CDL: 19 de mar\u00e7o, feriado municipal de Surubim, dia de S\u00e3o Jos\u00e9"},"content":{"rendered":"<p style=\"text-align: justify;\">A C\u00e2mara de Dirigentes Lojistas de Surubim (CDL Surubim) comunica a todos os associados e comunidade em geral que, em virtude do feriado religioso, dia de S\u00e3o Jos\u00e9, a entidade n\u00e3o estar\u00e1 funcionando na sexta-feira, 19 de mar\u00e7o. Informa ainda que retorna na segunda-feira (22) com expediente das 08h \u00e0s 15h (per\u00edodo da Quarentena em vigor). Contudo, o feriado n\u00e3o impede que algum lojista possa abrir seu com\u00e9rcio (<strong>atividades essenciais de acordo com o decreto em vigor<\/strong>). Por\u00e9m, os direitos trabalhistas devem ser pagos de acordo com a legisla\u00e7\u00e3o.<\/p>\n","protected":false},"excerpt":{"rendered":"<p>A C\u00e2mara de Dirigentes Lojistas de Surubim (CDL Surubim) comunica a todos os associados e comunidade em geral que, em virtude do feriado religioso, dia de S\u00e3o Jos\u00e9, a entidade n\u00e3o estar\u00e1 funcionando na sexta-feira, 19 de mar\u00e7o. Informa ainda que retorna na segunda-feira (22) com expediente [&hellip;]<\/p>\n","protected":false},"author":2,"featured_media":2023,"comment_status":"closed","ping_status":"open","sticky":false,"template":"","format":"standard","meta":{"footnotes":""},"categories":[4],"tags":[],"class_list":["post-2959","post","type-post","status-publish","format-standard","has-post-thumbnail","hentry","category-noticias"],"_links":{"self":[{"href":"https:\/\/cdlsurubim.com.br\/site\/wp-json\/wp\/v2\/posts\/2959","targetHints":{"allow":["GET"]}}],"collection":[{"href":"https:\/\/cdlsurubim.com.br\/site\/wp-json\/wp\/v2\/posts"}],"about":[{"href":"https:\/\/cdlsurubim.com.br\/site\/wp-json\/wp\/v2\/types\/post"}],"author":[{"embeddable":true,"href":"https:\/\/cdlsurubim.com.br\/site\/wp-json\/wp\/v2\/users\/2"}],"replies":[{"embeddable":true,"href":"https:\/\/cdlsurubim.com.br\/site\/wp-json\/wp\/v2\/comments?post=2959"}],"version-history":[{"count":2,"href":"https:\/\/cdlsurubim.com.br\/site\/wp-json\/wp\/v2\/posts\/2959\/revisions"}],"predecessor-version":[{"id":2961,"href":"https:\/\/cdlsurubim.com.br\/site\/wp-json\/wp\/v2\/posts\/2959\/revisions\/2961"}],"wp:featuredmedia":[{"embeddable":true,"href":"https:\/\/cdlsurubim.com.br\/site\/wp-json\/wp\/v2\/media\/2023"}],"wp:attachment":[{"href":"https:\/\/cdlsurubim.com.br\/site\/wp-json\/wp\/v2\/media?parent=2959"}],"wp:term":[{"taxonomy":"category","embeddable":true,"href":"https:\/\/cdlsurubim.com.br\/site\/wp-json\/wp\/v2\/categories?post=2959"},{"taxonomy":"post_tag","embeddable":true,"href":"https:\/\/cdlsurubim.com.br\/site\/wp-json\/wp\/v2\/tags?post=2959"}],"curies":[{"name":"wp","href":"https:\/\/api.w.org\/{rel}","templated":true}]}}