{"id":2947,"date":"2021-03-17T18:30:34","date_gmt":"2021-03-17T21:30:34","guid":{"rendered":"http:\/\/cdlsurubim.com.br\/site\/?p=2947"},"modified":"2021-03-17T18:56:32","modified_gmt":"2021-03-17T21:56:32","slug":"quarentena-em-pe-cdl-divulga-orientacoes-sobre-funcionamento-dos-estabelecimentos-comerciais-de-surubim","status":"publish","type":"post","link":"https:\/\/cdlsurubim.com.br\/site\/2021\/03\/quarentena-em-pe-cdl-divulga-orientacoes-sobre-funcionamento-dos-estabelecimentos-comerciais-de-surubim\/","title":{"rendered":"Quarentena em PE: CDL divulga orienta\u00e7\u00f5es sobre funcionamento dos estabelecimentos comerciais de Surubim"},"content":{"rendered":"<p style=\"text-align: justify;\"><span style=\"color: #444444;\">A C\u00e2mara de Dirigentes Lojistas de Surubim conforme alinhamento durante reuni\u00e3o realizada na tarde desta quarta-feira (17), preparou um documento, o qual foi analisado, revisado e aprovado em conjunto com representantes da Prefeitura Municipal, Pol\u00edcia Militar (PM), Corpo de Bombeiros e PROCON.\u00a0<\/span><\/p>\n<p style=\"text-align: justify;\"><span style=\"color: #444444;\">O documento esclarece de forma simples sobre as recomenda\u00e7\u00f5es para o funcionamento dos estabelecimentos comerciais de Surubim, conforme <a href=\"http:\/\/cdlsurubim.com.br\/site\/wp-content\/uploads\/2021\/03\/Decreto-50.433-15-marc%CC%A7o-2021-restric%CC%A7o%CC%83es-Covid-PDF-3.pdf\">Decreto em vigor<\/a> (<b>Atividades Essenciais e N\u00e3o Essenciais<\/b>) durante a Quarentena decretada pelo Governo de Pernambuco, com restri\u00e7\u00f5es, e disp\u00f5e sobre medidas para o enfrentamento da doen\u00e7a.\u00a0<\/span><\/p>\n<p style=\"text-align: justify;\"><span style=\"color: #444444;\">De acordo com o presidente Il\u00e1rio Pio, o encontro foi muito importante para estreitar ainda mais os elos entre as institui\u00e7\u00f5es.<i>\u00a0&#8220;Juntos vamos buscando solu\u00e7\u00f5es que minimizem o sofrimento da popula\u00e7\u00e3o. \u00c9 preciso, sim, salvar vidas, mas sem deixar de prestar aten\u00e7\u00e3o na economia. O di\u00e1logo tem sido permanente entre a CDL e os Poderes P\u00fablicos, em especial desde o in\u00edcio da Pandemia, aproveito o momento e destaco a desenvoltura da nossa ex-presidente e atual diretora Roberta Aguiar. A CDL Surubim continua \u00e0 disposi\u00e7\u00e3o para contribuir com ideias, a\u00e7\u00f5es para melhoria e fortalecimento do nosso munic\u00edpio. Ressaltamos que todos devem seguir as orienta\u00e7\u00f5es para a retomada das atividades econ\u00f4micas, em breve.&#8221;<\/i>\u00a0Destacou Il\u00e1rio Pio.\u00a0Confira abaixo, o documento na \u00edntegra <strong>(ou clicando no link<\/strong>:\u00a0<a href=\"http:\/\/cdlsurubim.com.br\/site\/wp-content\/uploads\/2021\/03\/ORIENTA\u00c7\u00c3O-COVID-_-17032021-_-sem-logo-ministerio-1.pdf\" rel=\"\">ORIENTA\u00c7\u00c3O COVID &#8211; QUARENTENA<\/a>)<\/span><a href=\"http:\/\/cdlsurubim.com.br\/site\/wp-content\/uploads\/2021\/03\/orienta\u00e7\u00f5es-covid-_-17032021-_-sem-logo-ministerio.png\" rel=\"attachment wp-att-2949\"><img loading=\"lazy\" decoding=\"async\" class=\"aligncenter wp-image-2949\" src=\"http:\/\/cdlsurubim.com.br\/site\/wp-content\/uploads\/2021\/03\/orienta\u00e7\u00f5es-covid-_-17032021-_-sem-logo-ministerio-208x300.png\" alt=\"orienta\u00e7\u00f5es covid _ 17032021 _ sem logo ministerio\" width=\"366\" height=\"528\" srcset=\"https:\/\/cdlsurubim.com.br\/site\/wp-content\/uploads\/2021\/03\/orienta\u00e7\u00f5es-covid-_-17032021-_-sem-logo-ministerio-208x300.png 208w, https:\/\/cdlsurubim.com.br\/site\/wp-content\/uploads\/2021\/03\/orienta\u00e7\u00f5es-covid-_-17032021-_-sem-logo-ministerio-709x1024.png 709w, https:\/\/cdlsurubim.com.br\/site\/wp-content\/uploads\/2021\/03\/orienta\u00e7\u00f5es-covid-_-17032021-_-sem-logo-ministerio.png 720w\" sizes=\"auto, (max-width: 366px) 100vw, 366px\" \/><\/a><\/p>\n<p style=\"text-align: justify;\"><a href=\"http:\/\/cdlsurubim.com.br\/site\/wp-content\/uploads\/2021\/03\/WhatsApp-Image-2021-03-17-at-18.26.14.jpeg\" rel=\"attachment wp-att-2948\"><img loading=\"lazy\" decoding=\"async\" class=\"aligncenter wp-image-2948\" src=\"http:\/\/cdlsurubim.com.br\/site\/wp-content\/uploads\/2021\/03\/WhatsApp-Image-2021-03-17-at-18.26.14-300x300.jpeg\" alt=\"WhatsApp Image 2021-03-17 at 18.26.14\" width=\"455\" height=\"455\" srcset=\"https:\/\/cdlsurubim.com.br\/site\/wp-content\/uploads\/2021\/03\/WhatsApp-Image-2021-03-17-at-18.26.14-300x300.jpeg 300w, https:\/\/cdlsurubim.com.br\/site\/wp-content\/uploads\/2021\/03\/WhatsApp-Image-2021-03-17-at-18.26.14-150x150.jpeg 150w, https:\/\/cdlsurubim.com.br\/site\/wp-content\/uploads\/2021\/03\/WhatsApp-Image-2021-03-17-at-18.26.14-768x768.jpeg 768w, https:\/\/cdlsurubim.com.br\/site\/wp-content\/uploads\/2021\/03\/WhatsApp-Image-2021-03-17-at-18.26.14-1024x1024.jpeg 1024w, https:\/\/cdlsurubim.com.br\/site\/wp-content\/uploads\/2021\/03\/WhatsApp-Image-2021-03-17-at-18.26.14.jpeg 1280w\" sizes=\"auto, (max-width: 455px) 100vw, 455px\" \/><\/a><\/p>\n<p style=\"text-align: justify;\">Da ASCOM CDL \/ Fotos cedidas pela Assessoria de Comunica\u00e7\u00e3o da Prefeitura de Surubim<\/p>\n","protected":false},"excerpt":{"rendered":"<p>A C\u00e2mara de Dirigentes Lojistas de Surubim conforme alinhamento durante reuni\u00e3o realizada na tarde desta quarta-feira (17), preparou um documento, o qual foi analisado, revisado e aprovado em conjunto com representantes da Prefeitura Municipal, Pol\u00edcia Militar (PM), Corpo de Bombeiros e PROCON.\u00a0 O documento esclarece de forma [&hellip;]<\/p>\n","protected":false},"author":2,"featured_media":2948,"comment_status":"closed","ping_status":"open","sticky":false,"template":"","format":"standard","meta":{"footnotes":""},"categories":[4],"tags":[],"class_list":["post-2947","post","type-post","status-publish","format-standard","has-post-thumbnail","hentry","category-noticias"],"_links":{"self":[{"href":"https:\/\/cdlsurubim.com.br\/site\/wp-json\/wp\/v2\/posts\/2947","targetHints":{"allow":["GET"]}}],"collection":[{"href":"https:\/\/cdlsurubim.com.br\/site\/wp-json\/wp\/v2\/posts"}],"about":[{"href":"https:\/\/cdlsurubim.com.br\/site\/wp-json\/wp\/v2\/types\/post"}],"author":[{"embeddable":true,"href":"https:\/\/cdlsurubim.com.br\/site\/wp-json\/wp\/v2\/users\/2"}],"replies":[{"embeddable":true,"href":"https:\/\/cdlsurubim.com.br\/site\/wp-json\/wp\/v2\/comments?post=2947"}],"version-history":[{"count":8,"href":"https:\/\/cdlsurubim.com.br\/site\/wp-json\/wp\/v2\/posts\/2947\/revisions"}],"predecessor-version":[{"id":2952,"href":"https:\/\/cdlsurubim.com.br\/site\/wp-json\/wp\/v2\/posts\/2947\/revisions\/2952"}],"wp:featuredmedia":[{"embeddable":true,"href":"https:\/\/cdlsurubim.com.br\/site\/wp-json\/wp\/v2\/media\/2948"}],"wp:attachment":[{"href":"https:\/\/cdlsurubim.com.br\/site\/wp-json\/wp\/v2\/media?parent=2947"}],"wp:term":[{"taxonomy":"category","embeddable":true,"href":"https:\/\/cdlsurubim.com.br\/site\/wp-json\/wp\/v2\/categories?post=2947"},{"taxonomy":"post_tag","embeddable":true,"href":"https:\/\/cdlsurubim.com.br\/site\/wp-json\/wp\/v2\/tags?post=2947"}],"curies":[{"name":"wp","href":"https:\/\/api.w.org\/{rel}","templated":true}]}}