{"id":2942,"date":"2021-03-16T19:29:22","date_gmt":"2021-03-16T22:29:22","guid":{"rendered":"http:\/\/cdlsurubim.com.br\/site\/?p=2942"},"modified":"2021-03-16T19:47:30","modified_gmt":"2021-03-16T22:47:30","slug":"quarentena-em-pernambuco-cdl-surubim-leva-demanda-do-comercio-a-gestao-municipal","status":"publish","type":"post","link":"https:\/\/cdlsurubim.com.br\/site\/2021\/03\/quarentena-em-pernambuco-cdl-surubim-leva-demanda-do-comercio-a-gestao-municipal\/","title":{"rendered":"Quarentena em Pernambuco: CDL Surubim leva demanda do com\u00e9rcio \u00e0 gest\u00e3o municipal"},"content":{"rendered":"<p style=\"text-align: justify;\">A C\u00e2mara de Dirigentes Lojistas de Surubim entende a gravidade da situa\u00e7\u00e3o e a posi\u00e7\u00e3o dif\u00edcil do Governo do Estado, diante da situa\u00e7\u00e3o limite dos hospitais, em Pernambuco. \u00c9 preciso, sim, salvar vidas, mas sem deixar de prestar aten\u00e7\u00e3o na economia. O varejo ainda n\u00e3o se recuperou das baixas acometidas no ano passado e, com o novo direcionamento, muitas empresas ter\u00e3o maiores problemas, trazendo mais desemprego \u00e0 popula\u00e7\u00e3o.<\/p>\n<p style=\"text-align: justify;\">Na tarde desta ter\u00e7a-feira (16), o presidente da CDL, Il\u00e1rio Pio, e alguns diretores se reuniram com o Sec. de Agricultura e Desenvolvimento. Econ\u00f4mico de Surubim, Denny Lapenda. O encontro aconteceu no audit\u00f3rio da institui\u00e7\u00e3o, onde os diretores fazem um apelo ao poder p\u00fablico municipal para que nesse per\u00edodo da quarentena, o com\u00e9rcio de Surubim possa seguir as mesmas regras do plano municipal executado no ano anterior. De acordo com o secret\u00e1rio, acontecer\u00e1 uma reuni\u00e3o entre a gestora do munic\u00edpio Ana C\u00e9lia, al\u00e9m dos secret\u00e1rios municipais, nesta quarta-feira (17), onde o mesmo se encarregou de levar a demanda e colocar em pauta. O mesmo dar\u00e1 retorno \u00e0 institui\u00e7\u00e3o o mais breve poss\u00edvel, o qual ser\u00e1 compartilhado atrav\u00e9s de nossos canais de comunica\u00e7\u00e3o.<\/p>\n<p style=\"text-align: justify;\">Sobre quais empresas podem abrir, a orienta\u00e7\u00e3o da CDL \u00e9 que o empres\u00e1rio analise a atividade econ\u00f4mica do seu estabelecimento atrav\u00e9s do Cadastro Nacional de Pessoa Jur\u00eddica (CNPJ). Verifique se est\u00e1 dentre aquelas liberadas para o funcionamento conforme\u00a0<a href=\"http:\/\/cdlsurubim.com.br\/site\/wp-content\/uploads\/2021\/03\/Decreto-50.433-15-marc\u0327o-2021-restric\u0327o\u0303es-Covid-PDF-3.pdf\" rel=\"\">Decreto em vigor<\/a>. D\u00favidas procurar o seu contador.<\/p>\n<p style=\"text-align: justify;\"><a href=\"http:\/\/cdlsurubim.com.br\/site\/wp-content\/uploads\/2021\/03\/WhatsApp-Image-2021-03-16-at-19.25.08.jpeg\" rel=\"attachment wp-att-2943\"><img loading=\"lazy\" decoding=\"async\" class=\"aligncenter wp-image-2943\" src=\"http:\/\/cdlsurubim.com.br\/site\/wp-content\/uploads\/2021\/03\/WhatsApp-Image-2021-03-16-at-19.25.08-300x185.jpeg\" alt=\"WhatsApp Image 2021-03-16 at 19.25.08\" width=\"475\" height=\"293\" srcset=\"https:\/\/cdlsurubim.com.br\/site\/wp-content\/uploads\/2021\/03\/WhatsApp-Image-2021-03-16-at-19.25.08-300x185.jpeg 300w, https:\/\/cdlsurubim.com.br\/site\/wp-content\/uploads\/2021\/03\/WhatsApp-Image-2021-03-16-at-19.25.08-768x474.jpeg 768w, https:\/\/cdlsurubim.com.br\/site\/wp-content\/uploads\/2021\/03\/WhatsApp-Image-2021-03-16-at-19.25.08-1024x632.jpeg 1024w, https:\/\/cdlsurubim.com.br\/site\/wp-content\/uploads\/2021\/03\/WhatsApp-Image-2021-03-16-at-19.25.08.jpeg 1280w\" sizes=\"auto, (max-width: 475px) 100vw, 475px\" \/><\/a><\/p>\n","protected":false},"excerpt":{"rendered":"<p>A C\u00e2mara de Dirigentes Lojistas de Surubim entende a gravidade da situa\u00e7\u00e3o e a posi\u00e7\u00e3o dif\u00edcil do Governo do Estado, diante da situa\u00e7\u00e3o limite dos hospitais, em Pernambuco. \u00c9 preciso, sim, salvar vidas, mas sem deixar de prestar aten\u00e7\u00e3o na economia. O varejo ainda n\u00e3o se recuperou [&hellip;]<\/p>\n","protected":false},"author":2,"featured_media":2943,"comment_status":"closed","ping_status":"open","sticky":false,"template":"","format":"standard","meta":{"footnotes":""},"categories":[4],"tags":[],"class_list":["post-2942","post","type-post","status-publish","format-standard","has-post-thumbnail","hentry","category-noticias"],"_links":{"self":[{"href":"https:\/\/cdlsurubim.com.br\/site\/wp-json\/wp\/v2\/posts\/2942","targetHints":{"allow":["GET"]}}],"collection":[{"href":"https:\/\/cdlsurubim.com.br\/site\/wp-json\/wp\/v2\/posts"}],"about":[{"href":"https:\/\/cdlsurubim.com.br\/site\/wp-json\/wp\/v2\/types\/post"}],"author":[{"embeddable":true,"href":"https:\/\/cdlsurubim.com.br\/site\/wp-json\/wp\/v2\/users\/2"}],"replies":[{"embeddable":true,"href":"https:\/\/cdlsurubim.com.br\/site\/wp-json\/wp\/v2\/comments?post=2942"}],"version-history":[{"count":2,"href":"https:\/\/cdlsurubim.com.br\/site\/wp-json\/wp\/v2\/posts\/2942\/revisions"}],"predecessor-version":[{"id":2946,"href":"https:\/\/cdlsurubim.com.br\/site\/wp-json\/wp\/v2\/posts\/2942\/revisions\/2946"}],"wp:featuredmedia":[{"embeddable":true,"href":"https:\/\/cdlsurubim.com.br\/site\/wp-json\/wp\/v2\/media\/2943"}],"wp:attachment":[{"href":"https:\/\/cdlsurubim.com.br\/site\/wp-json\/wp\/v2\/media?parent=2942"}],"wp:term":[{"taxonomy":"category","embeddable":true,"href":"https:\/\/cdlsurubim.com.br\/site\/wp-json\/wp\/v2\/categories?post=2942"},{"taxonomy":"post_tag","embeddable":true,"href":"https:\/\/cdlsurubim.com.br\/site\/wp-json\/wp\/v2\/tags?post=2942"}],"curies":[{"name":"wp","href":"https:\/\/api.w.org\/{rel}","templated":true}]}}