{"id":2927,"date":"2021-03-03T15:54:50","date_gmt":"2021-03-03T18:54:50","guid":{"rendered":"http:\/\/cdlsurubim.com.br\/site\/?p=2927"},"modified":"2021-03-03T15:59:42","modified_gmt":"2021-03-03T18:59:42","slug":"comunicado-cdl-funcionamento-de-atividades-nao-essenciais-06-de-marco-data-magna-de-pernambuco","status":"publish","type":"post","link":"https:\/\/cdlsurubim.com.br\/site\/2021\/03\/comunicado-cdl-funcionamento-de-atividades-nao-essenciais-06-de-marco-data-magna-de-pernambuco\/","title":{"rendered":"Comunicado CDL: funcionamento de atividades n\u00e3o essenciais; 06 de mar\u00e7o, Data Magna de Pernambuco"},"content":{"rendered":"<p style=\"text-align: justify;\" data-original-attrs=\"{&quot;style&quot;:&quot;&quot;}\"><span style=\"color: #444444;\" data-keep-original-tag=\"false\" data-original-attrs=\"{&quot;style&quot;:&quot;&quot;}\">A C\u00e2mara de Dirigentes Lojistas de Surubim, comunica que seguindo o novo decreto do Estado, divulgado nesta segunda-feira (01), a entidade funcionar\u00e1 nos dias 06 e 13 de mar\u00e7o. Na oportunidade, esclarece sobre o feriado da Data Magna de Pernambuco, confira, abaixo:<\/span><\/p>\n<p style=\"text-align: justify;\" data-original-attrs=\"{&quot;style&quot;:&quot;&quot;}\"><b><span style=\"color: #444444;\" data-keep-original-tag=\"false\" data-original-attrs=\"{&quot;style&quot;:&quot;&quot;}\">Pernambuco pro\u00edbe atividades n\u00e3o essenciais das 20h \u00e0s 5h durante a semana, e ao longo de todo o dia nos s\u00e1bados e domingos<\/span><\/b><\/p>\n<p style=\"text-align: justify;\" data-original-attrs=\"{&quot;style&quot;:&quot;&quot;}\"><span style=\"color: #444444;\" data-keep-original-tag=\"false\" data-original-attrs=\"{&quot;style&quot;:&quot;&quot;}\">O Governo de Pernambuco, ap\u00f3s an\u00e1lise do Comit\u00ea de Enfrentamento \u00e0 Covid-19, anunciou, nesta segunda-feira (01.03), a proibi\u00e7\u00e3o das atividades n\u00e3o essenciais das 20h \u00e0s 5h, de segunda a sexta em todo o Estado. Al\u00e9m disso, aos s\u00e1bados e domingos, somente servi\u00e7os essenciais poder\u00e3o funcionar.\u00a0As medidas, anunciadas pelo governador Paulo C\u00e2mara em pronunciamento, entram em vigor nesta quarta-feira (03.03) e s\u00e3o v\u00e1lidas at\u00e9 o dia 17 de mar\u00e7o.<\/span><\/p>\n<p style=\"text-align: justify;\" data-original-attrs=\"{&quot;style&quot;:&quot;&quot;}\"><b><span style=\"color: #444444;\" data-keep-original-tag=\"false\" data-original-attrs=\"{&quot;style&quot;:&quot;&quot;}\">06 de mar\u00e7o, Data Magna de Pernambuco<\/span><\/b><\/p>\n<p style=\"text-align: justify;\" data-original-attrs=\"{&quot;style&quot;:&quot;&quot;}\"><span style=\"color: #444444;\" data-keep-original-tag=\"false\" data-original-attrs=\"{&quot;style&quot;:&quot;&quot;}\">De acordo com informa\u00e7\u00f5es divulgadas na R\u00e1dio Integra\u00e7\u00e3o FM, atrav\u00e9s do secret\u00e1rio de Agricultura e Desenvolvimento Econ\u00f4mico de Surubim, Denny Lapenda, os com\u00e9rcios n\u00e3o essenciais ser\u00e3o fechados em decorr\u00eancia do Decreto Estadual n\u00famero 50.346 de 01 de mar\u00e7o de 2021. Quem tiver\u00a0d\u00favidas, a prefeitura disponibilizou o contato (81) 9 8751.0389.\u00a0 \u00a0Clique no link para fazer o download:\u00a0<a href=\"http:\/\/cdlsurubim.com.br\/site\/wp-content\/uploads\/2021\/03\/document-1.pdf\" rel=\"\">DECRETO N. 50.346 1 de Mar\u00e7o de 2021.<\/a><\/span><\/p>\n<p style=\"text-align: justify;\" data-original-attrs=\"{&quot;style&quot;:&quot;&quot;}\"><span style=\"color: #444444;\" data-keep-original-tag=\"false\" data-original-attrs=\"{&quot;style&quot;:&quot;&quot;}\">A CDL Surubim vem trabalhando para apoiar as empresas do com\u00e9rcio e servi\u00e7os local. Na oportunidade, refor\u00e7a que seguir rigorosamente os protocolos sanit\u00e1rios auxiliam na preven\u00e7\u00e3o e na conten\u00e7\u00e3o da dissemina\u00e7\u00e3o do Covid-19.<\/span><\/p>\n","protected":false},"excerpt":{"rendered":"<p>A C\u00e2mara de Dirigentes Lojistas de Surubim, comunica que seguindo o novo decreto do Estado, divulgado nesta segunda-feira (01), a entidade funcionar\u00e1 nos dias 06 e 13 de mar\u00e7o. Na oportunidade, esclarece sobre o feriado da Data Magna de Pernambuco, confira, abaixo: Pernambuco pro\u00edbe atividades n\u00e3o essenciais [&hellip;]<\/p>\n","protected":false},"author":2,"featured_media":1982,"comment_status":"closed","ping_status":"open","sticky":false,"template":"","format":"standard","meta":{"footnotes":""},"categories":[4],"tags":[],"class_list":["post-2927","post","type-post","status-publish","format-standard","has-post-thumbnail","hentry","category-noticias"],"_links":{"self":[{"href":"https:\/\/cdlsurubim.com.br\/site\/wp-json\/wp\/v2\/posts\/2927","targetHints":{"allow":["GET"]}}],"collection":[{"href":"https:\/\/cdlsurubim.com.br\/site\/wp-json\/wp\/v2\/posts"}],"about":[{"href":"https:\/\/cdlsurubim.com.br\/site\/wp-json\/wp\/v2\/types\/post"}],"author":[{"embeddable":true,"href":"https:\/\/cdlsurubim.com.br\/site\/wp-json\/wp\/v2\/users\/2"}],"replies":[{"embeddable":true,"href":"https:\/\/cdlsurubim.com.br\/site\/wp-json\/wp\/v2\/comments?post=2927"}],"version-history":[{"count":1,"href":"https:\/\/cdlsurubim.com.br\/site\/wp-json\/wp\/v2\/posts\/2927\/revisions"}],"predecessor-version":[{"id":2929,"href":"https:\/\/cdlsurubim.com.br\/site\/wp-json\/wp\/v2\/posts\/2927\/revisions\/2929"}],"wp:featuredmedia":[{"embeddable":true,"href":"https:\/\/cdlsurubim.com.br\/site\/wp-json\/wp\/v2\/media\/1982"}],"wp:attachment":[{"href":"https:\/\/cdlsurubim.com.br\/site\/wp-json\/wp\/v2\/media?parent=2927"}],"wp:term":[{"taxonomy":"category","embeddable":true,"href":"https:\/\/cdlsurubim.com.br\/site\/wp-json\/wp\/v2\/categories?post=2927"},{"taxonomy":"post_tag","embeddable":true,"href":"https:\/\/cdlsurubim.com.br\/site\/wp-json\/wp\/v2\/tags?post=2927"}],"curies":[{"name":"wp","href":"https:\/\/api.w.org\/{rel}","templated":true}]}}