{"id":2913,"date":"2021-02-27T10:40:05","date_gmt":"2021-02-27T13:40:05","guid":{"rendered":"http:\/\/cdlsurubim.com.br\/site\/?p=2913"},"modified":"2021-02-27T10:55:44","modified_gmt":"2021-02-27T13:55:44","slug":"com-atuacao-do-sistema-cndl-senado-aprova-pl-3172021","status":"publish","type":"post","link":"https:\/\/cdlsurubim.com.br\/site\/2021\/02\/com-atuacao-do-sistema-cndl-senado-aprova-pl-3172021\/","title":{"rendered":"Com atua\u00e7\u00e3o do sistema CNDL, Senado aprova PL 317\/2021"},"content":{"rendered":"<p style=\"text-align: justify;\">O presidente do Senado Federal, Rodrigo Pacheco (DEM\/MG), acatou na tarde desta quinta-feira (25), a quest\u00e3o de ordem apresentada pelo senador Esperidi\u00e3o Amin (PP\/SC) quanto \u00e0 prejudicialidade do inciso VI, do par\u00e1grafo 1\u00ba do artigo 7\u00ba do PL, que fazia refer\u00eancia \u00e0 Lei 14.063\/2020. A decis\u00e3o garante o uso das assinaturas eletr\u00f4nicas qualificadas na emiss\u00e3o das notas fiscais eletr\u00f4nicas, que possibilitam, assim, processos robustos de seguran\u00e7a para a emiss\u00e3o de notas fiscais.<\/p>\n<p style=\"text-align: justify;\">A decis\u00e3o contou com o apoio da Frente Parlamentar Mista em Defesa do Com\u00e9rcio, Servi\u00e7os e Empreendedorismo (FCS), representada por seu vice-presidente no Senado, o senador Izalci Lucas (PSDB\/DF).<\/p>\n<p style=\"text-align: justify;\">A decis\u00e3o atendeu \u00e0 solicita\u00e7\u00e3o do Sistema CNDL, que mobilizou lideran\u00e7as de todo o pa\u00eds pela retirada do referido artigo da proposta. O trabalho desenvolvido pelas CDLs foi citado por parlamentares no plen\u00e1rio do Senado, que destacaram a import\u00e2ncia da decis\u00e3o para o combate \u00e0s fraudes e para a seguran\u00e7a de empres\u00e1rios, consumidores e do pr\u00f3prio Estado.<\/p>\n<p style=\"text-align: justify;\">O presidente da CNDL, Jos\u00e9 C\u00e9sar da Costa, falou da import\u00e2ncia da mobiliza\u00e7\u00e3o do Sistema CNDL pela retirada do trecho prejudicial do projeto de lei.<\/p>\n<p style=\"text-align: justify;\">\u201cFoi uma vit\u00f3ria dos empres\u00e1rios de todo o pa\u00eds que estavam preocupados com a fragiliza\u00e7\u00e3o dos processos de seguran\u00e7a no uso de dados. A Assinatura Eletr\u00f4nica Qualificada \u00e9 a \u00fanica capaz de dar todas as garantias t\u00e9cnicas e jur\u00eddicas de autoria, n\u00e3o rep\u00fadio e de integridade\u201d, disse o presidente.<\/p>\n<p style=\"text-align: justify;\">Segundo o Jos\u00e9 C\u00e9sar, flexibilizar a seguran\u00e7a no ambiente digital colocaria em risco todo um processo de confiabilidade constru\u00eddo ao longo dos \u00faltimos anos. \u201cIsso seria um grande retrocesso no que diz respeito \u00e0 integralidade das informa\u00e7\u00f5es que transitam no ambiente meio digital por empresas e por \u00f3rg\u00e3o p\u00fablicos\u201d, destacou Costa.<\/p>\n<p style=\"text-align: justify;\">O PL, conhecido como \u201cGoverno Digital\u201d, relatado pelo senador Rodrigo Cunha (PSDB\/AL), desburocratiza e institui mecanismos para melhorar a efici\u00eancia da administra\u00e7\u00e3o p\u00fablica no atendimento ao cidad\u00e3o. \u201cA proposta \u00e9 um avan\u00e7o para o pa\u00eds, principalmente no que diz respeito \u00e0 desburocratiza\u00e7\u00e3o e \u00e0 efici\u00eancia na administra\u00e7\u00e3o p\u00fablica\u201d, afirma o presidente da CNDL.<\/p>\n<p style=\"text-align: justify;\">Da CNDL<\/p>\n","protected":false},"excerpt":{"rendered":"<p>O presidente do Senado Federal, Rodrigo Pacheco (DEM\/MG), acatou na tarde desta quinta-feira (25), a quest\u00e3o de ordem apresentada pelo senador Esperidi\u00e3o Amin (PP\/SC) quanto \u00e0 prejudicialidade do inciso VI, do par\u00e1grafo 1\u00ba do artigo 7\u00ba do PL, que fazia refer\u00eancia \u00e0 Lei 14.063\/2020. A decis\u00e3o garante [&hellip;]<\/p>\n","protected":false},"author":2,"featured_media":2914,"comment_status":"closed","ping_status":"open","sticky":false,"template":"","format":"standard","meta":{"footnotes":""},"categories":[4],"tags":[],"class_list":["post-2913","post","type-post","status-publish","format-standard","has-post-thumbnail","hentry","category-noticias"],"_links":{"self":[{"href":"https:\/\/cdlsurubim.com.br\/site\/wp-json\/wp\/v2\/posts\/2913","targetHints":{"allow":["GET"]}}],"collection":[{"href":"https:\/\/cdlsurubim.com.br\/site\/wp-json\/wp\/v2\/posts"}],"about":[{"href":"https:\/\/cdlsurubim.com.br\/site\/wp-json\/wp\/v2\/types\/post"}],"author":[{"embeddable":true,"href":"https:\/\/cdlsurubim.com.br\/site\/wp-json\/wp\/v2\/users\/2"}],"replies":[{"embeddable":true,"href":"https:\/\/cdlsurubim.com.br\/site\/wp-json\/wp\/v2\/comments?post=2913"}],"version-history":[{"count":2,"href":"https:\/\/cdlsurubim.com.br\/site\/wp-json\/wp\/v2\/posts\/2913\/revisions"}],"predecessor-version":[{"id":2916,"href":"https:\/\/cdlsurubim.com.br\/site\/wp-json\/wp\/v2\/posts\/2913\/revisions\/2916"}],"wp:featuredmedia":[{"embeddable":true,"href":"https:\/\/cdlsurubim.com.br\/site\/wp-json\/wp\/v2\/media\/2914"}],"wp:attachment":[{"href":"https:\/\/cdlsurubim.com.br\/site\/wp-json\/wp\/v2\/media?parent=2913"}],"wp:term":[{"taxonomy":"category","embeddable":true,"href":"https:\/\/cdlsurubim.com.br\/site\/wp-json\/wp\/v2\/categories?post=2913"},{"taxonomy":"post_tag","embeddable":true,"href":"https:\/\/cdlsurubim.com.br\/site\/wp-json\/wp\/v2\/tags?post=2913"}],"curies":[{"name":"wp","href":"https:\/\/api.w.org\/{rel}","templated":true}]}}