{"id":2900,"date":"2021-02-20T09:45:35","date_gmt":"2021-02-20T12:45:35","guid":{"rendered":"http:\/\/cdlsurubim.com.br\/site\/?p=2900"},"modified":"2021-02-20T09:48:02","modified_gmt":"2021-02-20T12:48:02","slug":"2900","status":"publish","type":"post","link":"https:\/\/cdlsurubim.com.br\/site\/2021\/02\/2900\/","title":{"rendered":"CDL participa de reuni\u00e3o para instala\u00e7\u00e3o da Central de Oportunidades em Surubim"},"content":{"rendered":"<p style=\"text-align: justify;\">Na manh\u00e3 desta sexta-feira (19),\u00a0o secret\u00e1rio estadual de Qualifica\u00e7\u00e3o e Emprego, Alberes Lopes esteve visitando o munic\u00edpio de Surubim, o mesmo foi recepcionado pela prefeita Ana C\u00e9lia. Na pauta, a implanta\u00e7\u00e3o da Central de Oportunidades (COPE). A reuni\u00e3o aconteceu na sede do Pal\u00e1cio Monsenhor Luiz Ferreira Lima, sede do Poder Executivo Municipal.<\/p>\n<p style=\"text-align: justify;\">A Central de Oportunidades, espa\u00e7o que tem o objetivo de ampliar o atendimento ao cidad\u00e3o com diversos servi\u00e7os que geram comodidade, fortalecimento da empregabilidade e do empreendedorismo, em especial aos surubinenses. Estiveram presentes no encontro o presidente da C\u00e2mara dos Dirigentes Lojistas de Surubim (CDL Surubim), Il\u00e1rio Pio, o presidente\u00a0 do N\u00facleo Gestor da Cadeia T\u00eaxtil, Wamberto Barbosa, al\u00e9m de secret\u00e1rios municipais.<\/p>\n<p style=\"text-align: justify;\"><a href=\"http:\/\/cdlsurubim.com.br\/site\/wp-content\/uploads\/2021\/02\/WhatsApp-Image-2021-02-19-at-18.04.25-2.jpeg\" rel=\"attachment wp-att-2902\"><img loading=\"lazy\" decoding=\"async\" class=\"aligncenter wp-image-2902\" src=\"http:\/\/cdlsurubim.com.br\/site\/wp-content\/uploads\/2021\/02\/WhatsApp-Image-2021-02-19-at-18.04.25-2-300x182.jpeg\" alt=\"WhatsApp Image 2021-02-19 at 18.04.25 (2)\" width=\"463\" height=\"281\" srcset=\"https:\/\/cdlsurubim.com.br\/site\/wp-content\/uploads\/2021\/02\/WhatsApp-Image-2021-02-19-at-18.04.25-2-300x182.jpeg 300w, https:\/\/cdlsurubim.com.br\/site\/wp-content\/uploads\/2021\/02\/WhatsApp-Image-2021-02-19-at-18.04.25-2-768x466.jpeg 768w, https:\/\/cdlsurubim.com.br\/site\/wp-content\/uploads\/2021\/02\/WhatsApp-Image-2021-02-19-at-18.04.25-2-1024x621.jpeg 1024w, https:\/\/cdlsurubim.com.br\/site\/wp-content\/uploads\/2021\/02\/WhatsApp-Image-2021-02-19-at-18.04.25-2.jpeg 1280w\" sizes=\"auto, (max-width: 463px) 100vw, 463px\" \/><\/a><\/p>\n<p style=\"text-align: justify;\">Foto: Reprodu\u00e7\u00e3o: ASCOM Surubim<\/p>\n","protected":false},"excerpt":{"rendered":"<p>Na manh\u00e3 desta sexta-feira (19),\u00a0o secret\u00e1rio estadual de Qualifica\u00e7\u00e3o e Emprego, Alberes Lopes esteve visitando o munic\u00edpio de Surubim, o mesmo foi recepcionado pela prefeita Ana C\u00e9lia. Na pauta, a implanta\u00e7\u00e3o da Central de Oportunidades (COPE). A reuni\u00e3o aconteceu na sede do Pal\u00e1cio Monsenhor Luiz Ferreira Lima, [&hellip;]<\/p>\n","protected":false},"author":2,"featured_media":2901,"comment_status":"closed","ping_status":"open","sticky":false,"template":"","format":"standard","meta":{"footnotes":""},"categories":[4],"tags":[],"class_list":["post-2900","post","type-post","status-publish","format-standard","has-post-thumbnail","hentry","category-noticias"],"_links":{"self":[{"href":"https:\/\/cdlsurubim.com.br\/site\/wp-json\/wp\/v2\/posts\/2900","targetHints":{"allow":["GET"]}}],"collection":[{"href":"https:\/\/cdlsurubim.com.br\/site\/wp-json\/wp\/v2\/posts"}],"about":[{"href":"https:\/\/cdlsurubim.com.br\/site\/wp-json\/wp\/v2\/types\/post"}],"author":[{"embeddable":true,"href":"https:\/\/cdlsurubim.com.br\/site\/wp-json\/wp\/v2\/users\/2"}],"replies":[{"embeddable":true,"href":"https:\/\/cdlsurubim.com.br\/site\/wp-json\/wp\/v2\/comments?post=2900"}],"version-history":[{"count":2,"href":"https:\/\/cdlsurubim.com.br\/site\/wp-json\/wp\/v2\/posts\/2900\/revisions"}],"predecessor-version":[{"id":2904,"href":"https:\/\/cdlsurubim.com.br\/site\/wp-json\/wp\/v2\/posts\/2900\/revisions\/2904"}],"wp:featuredmedia":[{"embeddable":true,"href":"https:\/\/cdlsurubim.com.br\/site\/wp-json\/wp\/v2\/media\/2901"}],"wp:attachment":[{"href":"https:\/\/cdlsurubim.com.br\/site\/wp-json\/wp\/v2\/media?parent=2900"}],"wp:term":[{"taxonomy":"category","embeddable":true,"href":"https:\/\/cdlsurubim.com.br\/site\/wp-json\/wp\/v2\/categories?post=2900"},{"taxonomy":"post_tag","embeddable":true,"href":"https:\/\/cdlsurubim.com.br\/site\/wp-json\/wp\/v2\/tags?post=2900"}],"curies":[{"name":"wp","href":"https:\/\/api.w.org\/{rel}","templated":true}]}}