{"id":2877,"date":"2021-02-03T14:48:36","date_gmt":"2021-02-03T17:48:36","guid":{"rendered":"http:\/\/cdlsurubim.com.br\/site\/?p=2877"},"modified":"2021-02-03T15:27:40","modified_gmt":"2021-02-03T18:27:40","slug":"comunicado-cdl-funcionamento-no-periodo-carnavalesco-15-e-1602","status":"publish","type":"post","link":"https:\/\/cdlsurubim.com.br\/site\/2021\/02\/comunicado-cdl-funcionamento-no-periodo-carnavalesco-15-e-1602\/","title":{"rendered":"Comunicado CDL: funcionamento no per\u00edodo carnavalesco (15 e 16\/02)"},"content":{"rendered":"<p style=\"text-align: justify;\">A C\u00e2mara de Dirigentes Lojistas de Surubim (CDL) vem atrav\u00e9s deste, informar sobre o funcionamento no per\u00edodo carnavalesco do corrente ano (segunda e ter\u00e7a-feira \u2013 15 e 16 de fevereiro), a entidade n\u00e3o funcionar\u00e1, de acordo com o Decreto 011\/2021 divulgado nesta ter\u00e7a-feira (02) pela Prefeitura de Surubim, onde manteve o feriado municipal nos dias 15 e 16 de fevereiro de 2021, datas denominadas de &#8220;segunda e ter\u00e7a de Carnaval&#8221;. Na decis\u00e3o, Ana C\u00e9lia citou a Lei Municipal 499\/2014 que disp\u00f5e sobre os feriados municipais em Surubim. Ainda no decreto, a prefeita tamb\u00e9m estabeleceu que est\u00e3o proibidas as aglomera\u00e7\u00f5es em vias p\u00fablicas, assim como a realiza\u00e7\u00e3o de eventos e festividades no per\u00edodo carnavalesco.<\/p>\n<p style=\"text-align: justify;\">Contudo, o feriado n\u00e3o impede que algum lojista possa abrir seu com\u00e9rcio. Por\u00e9m, os direitos trabalhistas devem ser pagos de acordo com a Conven\u00e7\u00e3o Coletiva do Trabalho. Mais informa\u00e7\u00f5es sobre a autoriza\u00e7\u00e3o do funcionamento, entrar em contato com o Sindicato dos Empregados no Com\u00e9rcio de Bens e Servi\u00e7os (Sindecom), Cleibson Mota (081)98188-2220.<\/p>\n<p style=\"text-align: justify;\">A CDL aproveita o ensejo para desejar um excelente carnaval com muita alegria, paz e responsabilidade a todos (a). Informa ainda que retorna na quarta-feira (17) com expediente normal, a partir das 08h.<\/p>\n","protected":false},"excerpt":{"rendered":"<p>A C\u00e2mara de Dirigentes Lojistas de Surubim (CDL) vem atrav\u00e9s deste, informar sobre o funcionamento no per\u00edodo carnavalesco do corrente ano (segunda e ter\u00e7a-feira \u2013 15 e 16 de fevereiro), a entidade n\u00e3o funcionar\u00e1, de acordo com o Decreto 011\/2021 divulgado nesta ter\u00e7a-feira (02) pela Prefeitura de [&hellip;]<\/p>\n","protected":false},"author":2,"featured_media":2023,"comment_status":"closed","ping_status":"open","sticky":false,"template":"","format":"standard","meta":{"footnotes":""},"categories":[4],"tags":[],"class_list":["post-2877","post","type-post","status-publish","format-standard","has-post-thumbnail","hentry","category-noticias"],"_links":{"self":[{"href":"https:\/\/cdlsurubim.com.br\/site\/wp-json\/wp\/v2\/posts\/2877","targetHints":{"allow":["GET"]}}],"collection":[{"href":"https:\/\/cdlsurubim.com.br\/site\/wp-json\/wp\/v2\/posts"}],"about":[{"href":"https:\/\/cdlsurubim.com.br\/site\/wp-json\/wp\/v2\/types\/post"}],"author":[{"embeddable":true,"href":"https:\/\/cdlsurubim.com.br\/site\/wp-json\/wp\/v2\/users\/2"}],"replies":[{"embeddable":true,"href":"https:\/\/cdlsurubim.com.br\/site\/wp-json\/wp\/v2\/comments?post=2877"}],"version-history":[{"count":3,"href":"https:\/\/cdlsurubim.com.br\/site\/wp-json\/wp\/v2\/posts\/2877\/revisions"}],"predecessor-version":[{"id":2880,"href":"https:\/\/cdlsurubim.com.br\/site\/wp-json\/wp\/v2\/posts\/2877\/revisions\/2880"}],"wp:featuredmedia":[{"embeddable":true,"href":"https:\/\/cdlsurubim.com.br\/site\/wp-json\/wp\/v2\/media\/2023"}],"wp:attachment":[{"href":"https:\/\/cdlsurubim.com.br\/site\/wp-json\/wp\/v2\/media?parent=2877"}],"wp:term":[{"taxonomy":"category","embeddable":true,"href":"https:\/\/cdlsurubim.com.br\/site\/wp-json\/wp\/v2\/categories?post=2877"},{"taxonomy":"post_tag","embeddable":true,"href":"https:\/\/cdlsurubim.com.br\/site\/wp-json\/wp\/v2\/tags?post=2877"}],"curies":[{"name":"wp","href":"https:\/\/api.w.org\/{rel}","templated":true}]}}