{"id":2794,"date":"2020-12-07T11:39:07","date_gmt":"2020-12-07T14:39:07","guid":{"rendered":"http:\/\/cdlsurubim.com.br\/site\/?p=2794"},"modified":"2020-12-07T11:59:02","modified_gmt":"2020-12-07T14:59:02","slug":"eleicao-para-nova-diretoria-da-cdl-surubim-tera-chapa-unica","status":"publish","type":"post","link":"https:\/\/cdlsurubim.com.br\/site\/2020\/12\/eleicao-para-nova-diretoria-da-cdl-surubim-tera-chapa-unica\/","title":{"rendered":"Elei\u00e7\u00e3o para nova diretoria da CDL Surubim ter\u00e1 chapa \u00fanica"},"content":{"rendered":"<p style=\"text-align: justify;\">Terminou no dia 26 de novembro, o prazo para inscri\u00e7\u00f5es das chapas interessadas em concorrer \u00e0 elei\u00e7\u00e3o para diretoria da C\u00e2mara de Dirigentes Lojistas de Surubim (CDL Surubim), para o tri\u00eanio 2021\/2023. De acordo com a secretaria da CDL, apenas um grupo de empres\u00e1rios registrou interesse na disputa. No caso de chapa \u00fanica, a elei\u00e7\u00e3o ser\u00e1 por aclama\u00e7\u00e3o na pr\u00f3xima quinta-feira (10\/12). A nova gest\u00e3o ser\u00e1 composta da seguinte forma:<\/p>\n<p style=\"text-align: justify;\">Presidente: Il\u00e1rio Ant\u00f4nio do Nascimento Pio, Vice-Presidente: \u00c1lvaro Ricardo Andrade Silva, 2\u00ba Vice Presidente: Irnalva Lucinda Lucena, Diretor Administrativo: Ginaldo Oliveira da Silva, Vice-Diretor Administrativo: Anderson Alexandre Silva de Paula, Diretor 1\u00ba Secret\u00e1rio: Alcides de Sousa Leal Filho, Diretor 2\u00ba Secret\u00e1rio: Roberta Keila de Aguiar e Silva Queiroz, Diretor de SPC: Carlos Eduardo N\u00f3brega Albuquerque, Diretor de Marketing: Eraldo Oliveira Pio Filho, Diretor de Eventos: Roberto do Nascimento Mateus, Conselho Fiscal: Daniel dos Santos Sales, Edson Henrique da Silva, Evalda Virg\u00ednia do Nascimento do Pio, Suplentes: L\u00edvio Aguiar de Arruda, Avanilson Mariano Silva e Jos\u00e9 Arn\u00f3bio Barbosa Lima<\/p>\n<p style=\"text-align: justify;\">Atualmente, a CDL \u00e9 presidida pela empres\u00e1ria Roberta Aguiar. Em breve, a atual presidente ir\u00e1 empossar o seu sucessor, este que por sua vez dar\u00e1 posse a toda sua diretoria.<\/p>\n<p style=\"text-align: justify;\">Da ASCOM CDL Surubim<\/p>\n","protected":false},"excerpt":{"rendered":"<p>Terminou no dia 26 de novembro, o prazo para inscri\u00e7\u00f5es das chapas interessadas em concorrer \u00e0 elei\u00e7\u00e3o para diretoria da C\u00e2mara de Dirigentes Lojistas de Surubim (CDL Surubim), para o tri\u00eanio 2021\/2023. De acordo com a secretaria da CDL, apenas um grupo de empres\u00e1rios registrou interesse na [&hellip;]<\/p>\n","protected":false},"author":2,"featured_media":1892,"comment_status":"closed","ping_status":"open","sticky":false,"template":"","format":"standard","meta":{"footnotes":""},"categories":[4],"tags":[],"class_list":["post-2794","post","type-post","status-publish","format-standard","has-post-thumbnail","hentry","category-noticias"],"_links":{"self":[{"href":"https:\/\/cdlsurubim.com.br\/site\/wp-json\/wp\/v2\/posts\/2794","targetHints":{"allow":["GET"]}}],"collection":[{"href":"https:\/\/cdlsurubim.com.br\/site\/wp-json\/wp\/v2\/posts"}],"about":[{"href":"https:\/\/cdlsurubim.com.br\/site\/wp-json\/wp\/v2\/types\/post"}],"author":[{"embeddable":true,"href":"https:\/\/cdlsurubim.com.br\/site\/wp-json\/wp\/v2\/users\/2"}],"replies":[{"embeddable":true,"href":"https:\/\/cdlsurubim.com.br\/site\/wp-json\/wp\/v2\/comments?post=2794"}],"version-history":[{"count":3,"href":"https:\/\/cdlsurubim.com.br\/site\/wp-json\/wp\/v2\/posts\/2794\/revisions"}],"predecessor-version":[{"id":2797,"href":"https:\/\/cdlsurubim.com.br\/site\/wp-json\/wp\/v2\/posts\/2794\/revisions\/2797"}],"wp:featuredmedia":[{"embeddable":true,"href":"https:\/\/cdlsurubim.com.br\/site\/wp-json\/wp\/v2\/media\/1892"}],"wp:attachment":[{"href":"https:\/\/cdlsurubim.com.br\/site\/wp-json\/wp\/v2\/media?parent=2794"}],"wp:term":[{"taxonomy":"category","embeddable":true,"href":"https:\/\/cdlsurubim.com.br\/site\/wp-json\/wp\/v2\/categories?post=2794"},{"taxonomy":"post_tag","embeddable":true,"href":"https:\/\/cdlsurubim.com.br\/site\/wp-json\/wp\/v2\/tags?post=2794"}],"curies":[{"name":"wp","href":"https:\/\/api.w.org\/{rel}","templated":true}]}}