{"id":2778,"date":"2020-10-29T09:08:53","date_gmt":"2020-10-29T12:08:53","guid":{"rendered":"http:\/\/cdlsurubim.com.br\/site\/?p=2778"},"modified":"2020-10-29T09:08:53","modified_gmt":"2020-10-29T12:08:53","slug":"comunicado-cdl-surubim-feriado-dia-de-finados-0211","status":"publish","type":"post","link":"https:\/\/cdlsurubim.com.br\/site\/2020\/10\/comunicado-cdl-surubim-feriado-dia-de-finados-0211\/","title":{"rendered":"Comunicado CDL Surubim \u2013 Feriado Dia de Finados (02\/11)"},"content":{"rendered":"<p style=\"text-align: justify;\">A C\u00e2mara de Dirigentes Lojistas de Surubim (CDL) comunica a todos os associados e comunidade em geral que, em virtude do feriado de Finados, a entidade n\u00e3o estar\u00e1 funcionando na pr\u00f3xima segunda-feira(02\/11).\u00a0Contudo, o feriado n\u00e3o impede que algum lojista possa abrir seu com\u00e9rcio. Por\u00e9m, os direitos trabalhistas devem ser pagos de acordo com a Conven\u00e7\u00e3o Coletiva do Trabalho. Informa ainda que retorna na ter\u00e7a-feira (03) com expediente normal, a partir das 08h.<\/p>\n","protected":false},"excerpt":{"rendered":"<p>A C\u00e2mara de Dirigentes Lojistas de Surubim (CDL) comunica a todos os associados e comunidade em geral que, em virtude do feriado de Finados, a entidade n\u00e3o estar\u00e1 funcionando na pr\u00f3xima segunda-feira(02\/11).\u00a0Contudo, o feriado n\u00e3o impede que algum lojista possa abrir seu com\u00e9rcio. Por\u00e9m, os direitos trabalhistas [&hellip;]<\/p>\n","protected":false},"author":2,"featured_media":2023,"comment_status":"closed","ping_status":"open","sticky":false,"template":"","format":"standard","meta":{"footnotes":""},"categories":[4],"tags":[],"class_list":["post-2778","post","type-post","status-publish","format-standard","has-post-thumbnail","hentry","category-noticias"],"_links":{"self":[{"href":"https:\/\/cdlsurubim.com.br\/site\/wp-json\/wp\/v2\/posts\/2778","targetHints":{"allow":["GET"]}}],"collection":[{"href":"https:\/\/cdlsurubim.com.br\/site\/wp-json\/wp\/v2\/posts"}],"about":[{"href":"https:\/\/cdlsurubim.com.br\/site\/wp-json\/wp\/v2\/types\/post"}],"author":[{"embeddable":true,"href":"https:\/\/cdlsurubim.com.br\/site\/wp-json\/wp\/v2\/users\/2"}],"replies":[{"embeddable":true,"href":"https:\/\/cdlsurubim.com.br\/site\/wp-json\/wp\/v2\/comments?post=2778"}],"version-history":[{"count":1,"href":"https:\/\/cdlsurubim.com.br\/site\/wp-json\/wp\/v2\/posts\/2778\/revisions"}],"predecessor-version":[{"id":2779,"href":"https:\/\/cdlsurubim.com.br\/site\/wp-json\/wp\/v2\/posts\/2778\/revisions\/2779"}],"wp:featuredmedia":[{"embeddable":true,"href":"https:\/\/cdlsurubim.com.br\/site\/wp-json\/wp\/v2\/media\/2023"}],"wp:attachment":[{"href":"https:\/\/cdlsurubim.com.br\/site\/wp-json\/wp\/v2\/media?parent=2778"}],"wp:term":[{"taxonomy":"category","embeddable":true,"href":"https:\/\/cdlsurubim.com.br\/site\/wp-json\/wp\/v2\/categories?post=2778"},{"taxonomy":"post_tag","embeddable":true,"href":"https:\/\/cdlsurubim.com.br\/site\/wp-json\/wp\/v2\/tags?post=2778"}],"curies":[{"name":"wp","href":"https:\/\/api.w.org\/{rel}","templated":true}]}}