{"id":2740,"date":"2020-09-22T09:14:46","date_gmt":"2020-09-22T12:14:46","guid":{"rendered":"http:\/\/cdlsurubim.com.br\/site\/?p=2740"},"modified":"2020-09-22T09:19:27","modified_gmt":"2020-09-22T12:19:27","slug":"22-de-setembro-dia-do-contador-homenagem-da-cdl-surubim-5","status":"publish","type":"post","link":"https:\/\/cdlsurubim.com.br\/site\/2020\/09\/22-de-setembro-dia-do-contador-homenagem-da-cdl-surubim-5\/","title":{"rendered":"22 de setembro, Dia do Contador: homenagem da CDL Surubim"},"content":{"rendered":"<p style=\"text-align: justify;\">Parab\u00e9ns a voc\u00ea que trabalha com dedica\u00e7\u00e3o, \u00e9tica e transpar\u00eancia para oferecer o apoio necess\u00e1rio para a gest\u00e3o de nossas empresas, al\u00e9m de contribuir com o desenvolvimento da sociedade.<\/p>\n<p style=\"text-align: justify;\"><a href=\"http:\/\/cdlsurubim.com.br\/site\/wp-content\/uploads\/2020\/09\/DIA-DO-CONTADOR-22-09-2020-HOMENAGEM-CDL-SURUBIM-redes-sociais.jpg\" rel=\"attachment wp-att-2741\"><img loading=\"lazy\" decoding=\"async\" class=\"aligncenter wp-image-2741\" src=\"http:\/\/cdlsurubim.com.br\/site\/wp-content\/uploads\/2020\/09\/DIA-DO-CONTADOR-22-09-2020-HOMENAGEM-CDL-SURUBIM-redes-sociais-300x300.jpg\" alt=\"DIA DO CONTADOR - 22-09-2020 - HOMENAGEM CDL SURUBIM redes sociais\" width=\"368\" height=\"368\" srcset=\"https:\/\/cdlsurubim.com.br\/site\/wp-content\/uploads\/2020\/09\/DIA-DO-CONTADOR-22-09-2020-HOMENAGEM-CDL-SURUBIM-redes-sociais-300x300.jpg 300w, https:\/\/cdlsurubim.com.br\/site\/wp-content\/uploads\/2020\/09\/DIA-DO-CONTADOR-22-09-2020-HOMENAGEM-CDL-SURUBIM-redes-sociais-150x150.jpg 150w, https:\/\/cdlsurubim.com.br\/site\/wp-content\/uploads\/2020\/09\/DIA-DO-CONTADOR-22-09-2020-HOMENAGEM-CDL-SURUBIM-redes-sociais-768x768.jpg 768w, https:\/\/cdlsurubim.com.br\/site\/wp-content\/uploads\/2020\/09\/DIA-DO-CONTADOR-22-09-2020-HOMENAGEM-CDL-SURUBIM-redes-sociais-1024x1024.jpg 1024w, https:\/\/cdlsurubim.com.br\/site\/wp-content\/uploads\/2020\/09\/DIA-DO-CONTADOR-22-09-2020-HOMENAGEM-CDL-SURUBIM-redes-sociais.jpg 1040w\" sizes=\"auto, (max-width: 368px) 100vw, 368px\" \/><\/a><\/p>\n","protected":false},"excerpt":{"rendered":"<p>Parab\u00e9ns a voc\u00ea que trabalha com dedica\u00e7\u00e3o, \u00e9tica e transpar\u00eancia para oferecer o apoio necess\u00e1rio para a gest\u00e3o de nossas empresas, al\u00e9m de contribuir com o desenvolvimento da sociedade.<\/p>\n","protected":false},"author":2,"featured_media":2741,"comment_status":"closed","ping_status":"open","sticky":false,"template":"","format":"standard","meta":{"footnotes":""},"categories":[4],"tags":[205,7,269,268,204,132],"class_list":["post-2740","post","type-post","status-publish","format-standard","has-post-thumbnail","hentry","category-noticias","tag-22-de-setembro","tag-cdl-surubim","tag-contabil","tag-contabilidade","tag-dia-do-contador","tag-homenagem"],"_links":{"self":[{"href":"https:\/\/cdlsurubim.com.br\/site\/wp-json\/wp\/v2\/posts\/2740","targetHints":{"allow":["GET"]}}],"collection":[{"href":"https:\/\/cdlsurubim.com.br\/site\/wp-json\/wp\/v2\/posts"}],"about":[{"href":"https:\/\/cdlsurubim.com.br\/site\/wp-json\/wp\/v2\/types\/post"}],"author":[{"embeddable":true,"href":"https:\/\/cdlsurubim.com.br\/site\/wp-json\/wp\/v2\/users\/2"}],"replies":[{"embeddable":true,"href":"https:\/\/cdlsurubim.com.br\/site\/wp-json\/wp\/v2\/comments?post=2740"}],"version-history":[{"count":2,"href":"https:\/\/cdlsurubim.com.br\/site\/wp-json\/wp\/v2\/posts\/2740\/revisions"}],"predecessor-version":[{"id":2743,"href":"https:\/\/cdlsurubim.com.br\/site\/wp-json\/wp\/v2\/posts\/2740\/revisions\/2743"}],"wp:featuredmedia":[{"embeddable":true,"href":"https:\/\/cdlsurubim.com.br\/site\/wp-json\/wp\/v2\/media\/2741"}],"wp:attachment":[{"href":"https:\/\/cdlsurubim.com.br\/site\/wp-json\/wp\/v2\/media?parent=2740"}],"wp:term":[{"taxonomy":"category","embeddable":true,"href":"https:\/\/cdlsurubim.com.br\/site\/wp-json\/wp\/v2\/categories?post=2740"},{"taxonomy":"post_tag","embeddable":true,"href":"https:\/\/cdlsurubim.com.br\/site\/wp-json\/wp\/v2\/tags?post=2740"}],"curies":[{"name":"wp","href":"https:\/\/api.w.org\/{rel}","templated":true}]}}