{"id":2731,"date":"2020-09-15T09:56:09","date_gmt":"2020-09-15T12:56:09","guid":{"rendered":"http:\/\/cdlsurubim.com.br\/site\/?p=2731"},"modified":"2020-09-15T10:20:33","modified_gmt":"2020-09-15T13:20:33","slug":"15-de-setembro-dia-do-cliente-homenagem-do-sistema-cndl-e-cdl-surubim-2","status":"publish","type":"post","link":"https:\/\/cdlsurubim.com.br\/site\/2020\/09\/15-de-setembro-dia-do-cliente-homenagem-do-sistema-cndl-e-cdl-surubim-2\/","title":{"rendered":"15 de setembro, Dia do Cliente: homenagem do Sistema CNDL e CDL Surubim"},"content":{"rendered":"<p style=\"text-align: justify;\">Raz\u00e3o pela qual s\u00e3o desenvolvidos produtos e servi\u00e7os, o cliente tamb\u00e9m merece um dia especial. Em 15 de setembro voc\u00ea cliente, pessoa, f\u00edsica e\/ou jur\u00eddica, independente da profiss\u00e3o, idade ou forma\u00e7\u00e3o, deve ser homenageado. Parab\u00e9ns tamb\u00e9m aos empres\u00e1rios e trabalhadores do setor varejista, que atuam para tornar poss\u00edvel a realiza\u00e7\u00e3o dos sonhos das pessoas. Nossa homenagem aos consumidores que fazem a movimenta\u00e7\u00e3o do com\u00e9rcio em nosso pa\u00eds.<\/p>\n<p><a href=\"http:\/\/cdlsurubim.com.br\/site\/wp-content\/uploads\/2020\/09\/DIA-DO-CLIENTE-CDL-SURUBIM-SPC-BRASIL-CERTIFICADO-DIGITAL-EM-SURUBIM.jpg\" rel=\"attachment wp-att-2732\"><img loading=\"lazy\" decoding=\"async\" class=\"aligncenter wp-image-2732\" src=\"http:\/\/cdlsurubim.com.br\/site\/wp-content\/uploads\/2020\/09\/DIA-DO-CLIENTE-CDL-SURUBIM-SPC-BRASIL-CERTIFICADO-DIGITAL-EM-SURUBIM-300x300.jpg\" alt=\"DIA DO CLIENTE CDL SURUBIM - SPC BRASIL - CERTIFICADO DIGITAL EM SURUBIM\" width=\"394\" height=\"394\" srcset=\"https:\/\/cdlsurubim.com.br\/site\/wp-content\/uploads\/2020\/09\/DIA-DO-CLIENTE-CDL-SURUBIM-SPC-BRASIL-CERTIFICADO-DIGITAL-EM-SURUBIM-300x300.jpg 300w, https:\/\/cdlsurubim.com.br\/site\/wp-content\/uploads\/2020\/09\/DIA-DO-CLIENTE-CDL-SURUBIM-SPC-BRASIL-CERTIFICADO-DIGITAL-EM-SURUBIM-150x150.jpg 150w\" sizes=\"auto, (max-width: 394px) 100vw, 394px\" \/><\/a><\/p>\n","protected":false},"excerpt":{"rendered":"<p>Raz\u00e3o pela qual s\u00e3o desenvolvidos produtos e servi\u00e7os, o cliente tamb\u00e9m merece um dia especial. Em 15 de setembro voc\u00ea cliente, pessoa, f\u00edsica e\/ou jur\u00eddica, independente da profiss\u00e3o, idade ou forma\u00e7\u00e3o, deve ser homenageado. Parab\u00e9ns tamb\u00e9m aos empres\u00e1rios e trabalhadores do setor varejista, que atuam para tornar [&hellip;]<\/p>\n","protected":false},"author":2,"featured_media":2732,"comment_status":"closed","ping_status":"open","sticky":false,"template":"","format":"standard","meta":{"footnotes":""},"categories":[4],"tags":[149,31,13],"class_list":["post-2731","post","type-post","status-publish","format-standard","has-post-thumbnail","hentry","category-noticias","tag-dia-do-cliente","tag-dia-do-cliente-homenagem-da-cdl-surubim-e-spc-brasil","tag-uma-homenagem-da-cdl-surubim"],"_links":{"self":[{"href":"https:\/\/cdlsurubim.com.br\/site\/wp-json\/wp\/v2\/posts\/2731","targetHints":{"allow":["GET"]}}],"collection":[{"href":"https:\/\/cdlsurubim.com.br\/site\/wp-json\/wp\/v2\/posts"}],"about":[{"href":"https:\/\/cdlsurubim.com.br\/site\/wp-json\/wp\/v2\/types\/post"}],"author":[{"embeddable":true,"href":"https:\/\/cdlsurubim.com.br\/site\/wp-json\/wp\/v2\/users\/2"}],"replies":[{"embeddable":true,"href":"https:\/\/cdlsurubim.com.br\/site\/wp-json\/wp\/v2\/comments?post=2731"}],"version-history":[{"count":3,"href":"https:\/\/cdlsurubim.com.br\/site\/wp-json\/wp\/v2\/posts\/2731\/revisions"}],"predecessor-version":[{"id":2735,"href":"https:\/\/cdlsurubim.com.br\/site\/wp-json\/wp\/v2\/posts\/2731\/revisions\/2735"}],"wp:featuredmedia":[{"embeddable":true,"href":"https:\/\/cdlsurubim.com.br\/site\/wp-json\/wp\/v2\/media\/2732"}],"wp:attachment":[{"href":"https:\/\/cdlsurubim.com.br\/site\/wp-json\/wp\/v2\/media?parent=2731"}],"wp:term":[{"taxonomy":"category","embeddable":true,"href":"https:\/\/cdlsurubim.com.br\/site\/wp-json\/wp\/v2\/categories?post=2731"},{"taxonomy":"post_tag","embeddable":true,"href":"https:\/\/cdlsurubim.com.br\/site\/wp-json\/wp\/v2\/tags?post=2731"}],"curies":[{"name":"wp","href":"https:\/\/api.w.org\/{rel}","templated":true}]}}