{"id":2710,"date":"2020-09-10T20:14:57","date_gmt":"2020-09-10T23:14:57","guid":{"rendered":"http:\/\/cdlsurubim.com.br\/site\/?p=2710"},"modified":"2020-09-10T20:14:57","modified_gmt":"2020-09-10T23:14:57","slug":"92-anos-de-emancipacao-politica-de-surubim-parabens-homenagem-da-cdl","status":"publish","type":"post","link":"https:\/\/cdlsurubim.com.br\/site\/2020\/09\/92-anos-de-emancipacao-politica-de-surubim-parabens-homenagem-da-cdl\/","title":{"rendered":"92 anos de Emancipa\u00e7\u00e3o Pol\u00edtica de Surubim: Parab\u00e9ns, homenagem da CDL"},"content":{"rendered":"<p style=\"text-align: justify;\">A C\u00e2mara de Dirigentes Lojistas de Surubim (CDL) parabeniza nesta sexta-feira (11), o munic\u00edpio de Surubim pela passagem dos seus 92 anos de Emancipa\u00e7\u00e3o Pol\u00edtica. Atrav\u00e9s da Lei Estadual n\u00ba. 1.931 em 11 de setembro de 1928, foi constitu\u00eddo em munic\u00edpio aut\u00f4nomo e a sua sede elevada \u00e0 categoria de cidade.<\/p>\n<p style=\"text-align: justify;\"><a href=\"http:\/\/cdlsurubim.com.br\/site\/wp-content\/uploads\/2020\/09\/WhatsApp-Image-2020-08-26-at-12.06.00.jpeg\" rel=\"attachment wp-att-2711\"><img loading=\"lazy\" decoding=\"async\" class=\"aligncenter  wp-image-2711\" src=\"http:\/\/cdlsurubim.com.br\/site\/wp-content\/uploads\/2020\/09\/WhatsApp-Image-2020-08-26-at-12.06.00-300x300.jpeg\" alt=\"WhatsApp Image 2020-08-26 at 12.06.00\" width=\"351\" height=\"351\" srcset=\"https:\/\/cdlsurubim.com.br\/site\/wp-content\/uploads\/2020\/09\/WhatsApp-Image-2020-08-26-at-12.06.00-300x300.jpeg 300w, https:\/\/cdlsurubim.com.br\/site\/wp-content\/uploads\/2020\/09\/WhatsApp-Image-2020-08-26-at-12.06.00-150x150.jpeg 150w, https:\/\/cdlsurubim.com.br\/site\/wp-content\/uploads\/2020\/09\/WhatsApp-Image-2020-08-26-at-12.06.00-768x767.jpeg 768w, https:\/\/cdlsurubim.com.br\/site\/wp-content\/uploads\/2020\/09\/WhatsApp-Image-2020-08-26-at-12.06.00-1024x1024.jpeg 1024w, https:\/\/cdlsurubim.com.br\/site\/wp-content\/uploads\/2020\/09\/WhatsApp-Image-2020-08-26-at-12.06.00.jpeg 1084w\" sizes=\"auto, (max-width: 351px) 100vw, 351px\" \/><\/a><\/p>\n","protected":false},"excerpt":{"rendered":"<p>A C\u00e2mara de Dirigentes Lojistas de Surubim (CDL) parabeniza nesta sexta-feira (11), o munic\u00edpio de Surubim pela passagem dos seus 92 anos de Emancipa\u00e7\u00e3o Pol\u00edtica. Atrav\u00e9s da Lei Estadual n\u00ba. 1.931 em 11 de setembro de 1928, foi constitu\u00eddo em munic\u00edpio aut\u00f4nomo e a sua sede elevada [&hellip;]<\/p>\n","protected":false},"author":2,"featured_media":2711,"comment_status":"closed","ping_status":"open","sticky":false,"template":"","format":"standard","meta":{"footnotes":""},"categories":[4],"tags":[],"class_list":["post-2710","post","type-post","status-publish","format-standard","has-post-thumbnail","hentry","category-noticias"],"_links":{"self":[{"href":"https:\/\/cdlsurubim.com.br\/site\/wp-json\/wp\/v2\/posts\/2710","targetHints":{"allow":["GET"]}}],"collection":[{"href":"https:\/\/cdlsurubim.com.br\/site\/wp-json\/wp\/v2\/posts"}],"about":[{"href":"https:\/\/cdlsurubim.com.br\/site\/wp-json\/wp\/v2\/types\/post"}],"author":[{"embeddable":true,"href":"https:\/\/cdlsurubim.com.br\/site\/wp-json\/wp\/v2\/users\/2"}],"replies":[{"embeddable":true,"href":"https:\/\/cdlsurubim.com.br\/site\/wp-json\/wp\/v2\/comments?post=2710"}],"version-history":[{"count":1,"href":"https:\/\/cdlsurubim.com.br\/site\/wp-json\/wp\/v2\/posts\/2710\/revisions"}],"predecessor-version":[{"id":2712,"href":"https:\/\/cdlsurubim.com.br\/site\/wp-json\/wp\/v2\/posts\/2710\/revisions\/2712"}],"wp:featuredmedia":[{"embeddable":true,"href":"https:\/\/cdlsurubim.com.br\/site\/wp-json\/wp\/v2\/media\/2711"}],"wp:attachment":[{"href":"https:\/\/cdlsurubim.com.br\/site\/wp-json\/wp\/v2\/media?parent=2710"}],"wp:term":[{"taxonomy":"category","embeddable":true,"href":"https:\/\/cdlsurubim.com.br\/site\/wp-json\/wp\/v2\/categories?post=2710"},{"taxonomy":"post_tag","embeddable":true,"href":"https:\/\/cdlsurubim.com.br\/site\/wp-json\/wp\/v2\/tags?post=2710"}],"curies":[{"name":"wp","href":"https:\/\/api.w.org\/{rel}","templated":true}]}}