{"id":2707,"date":"2020-09-03T15:48:35","date_gmt":"2020-09-03T18:48:35","guid":{"rendered":"http:\/\/cdlsurubim.com.br\/site\/?p=2707"},"modified":"2020-09-03T15:50:39","modified_gmt":"2020-09-03T18:50:39","slug":"comunicado-cdl-feriados-independencia-do-brasil-07-e-emancipacao-politica-de-surubim-11","status":"publish","type":"post","link":"https:\/\/cdlsurubim.com.br\/site\/2020\/09\/comunicado-cdl-feriados-independencia-do-brasil-07-e-emancipacao-politica-de-surubim-11\/","title":{"rendered":"Comunicado CDL \u2013 feriados: Independ\u00eancia do Brasil (07) e Emancipa\u00e7\u00e3o Pol\u00edtica de Surubim (11)"},"content":{"rendered":"<p style=\"text-align: justify;\">A C\u00e2mara de Dirigentes Lojistas de Surubim (CDL) comunica a todos os associados e comunidade em geral que, em virtude dos feriados da Independ\u00eancia do Brasil e Emancipa\u00e7\u00e3o Pol\u00edtica de Surubim, a entidade n\u00e3o estar\u00e1 funcionando na pr\u00f3xima segunda-feira (07\/09) e na sexta-feira (11\/09). Contudo, o feriado n\u00e3o impede que algum lojista possa abrir seu com\u00e9rcio. Por\u00e9m, os direitos trabalhistas devem ser pagos de acordo com a Conven\u00e7\u00e3o Coletiva do Trabalho e seguindo rigorosamente o protocolo definido pelo Plano Municipal de Conviv\u00eancia da COVID- 19.<\/p>\n","protected":false},"excerpt":{"rendered":"<p>A C\u00e2mara de Dirigentes Lojistas de Surubim (CDL) comunica a todos os associados e comunidade em geral que, em virtude dos feriados da Independ\u00eancia do Brasil e Emancipa\u00e7\u00e3o Pol\u00edtica de Surubim, a entidade n\u00e3o estar\u00e1 funcionando na pr\u00f3xima segunda-feira (07\/09) e na sexta-feira (11\/09). Contudo, o feriado [&hellip;]<\/p>\n","protected":false},"author":2,"featured_media":2023,"comment_status":"closed","ping_status":"open","sticky":false,"template":"","format":"standard","meta":{"footnotes":""},"categories":[4],"tags":[],"class_list":["post-2707","post","type-post","status-publish","format-standard","has-post-thumbnail","hentry","category-noticias"],"_links":{"self":[{"href":"https:\/\/cdlsurubim.com.br\/site\/wp-json\/wp\/v2\/posts\/2707","targetHints":{"allow":["GET"]}}],"collection":[{"href":"https:\/\/cdlsurubim.com.br\/site\/wp-json\/wp\/v2\/posts"}],"about":[{"href":"https:\/\/cdlsurubim.com.br\/site\/wp-json\/wp\/v2\/types\/post"}],"author":[{"embeddable":true,"href":"https:\/\/cdlsurubim.com.br\/site\/wp-json\/wp\/v2\/users\/2"}],"replies":[{"embeddable":true,"href":"https:\/\/cdlsurubim.com.br\/site\/wp-json\/wp\/v2\/comments?post=2707"}],"version-history":[{"count":2,"href":"https:\/\/cdlsurubim.com.br\/site\/wp-json\/wp\/v2\/posts\/2707\/revisions"}],"predecessor-version":[{"id":2709,"href":"https:\/\/cdlsurubim.com.br\/site\/wp-json\/wp\/v2\/posts\/2707\/revisions\/2709"}],"wp:featuredmedia":[{"embeddable":true,"href":"https:\/\/cdlsurubim.com.br\/site\/wp-json\/wp\/v2\/media\/2023"}],"wp:attachment":[{"href":"https:\/\/cdlsurubim.com.br\/site\/wp-json\/wp\/v2\/media?parent=2707"}],"wp:term":[{"taxonomy":"category","embeddable":true,"href":"https:\/\/cdlsurubim.com.br\/site\/wp-json\/wp\/v2\/categories?post=2707"},{"taxonomy":"post_tag","embeddable":true,"href":"https:\/\/cdlsurubim.com.br\/site\/wp-json\/wp\/v2\/tags?post=2707"}],"curies":[{"name":"wp","href":"https:\/\/api.w.org\/{rel}","templated":true}]}}