{"id":2702,"date":"2020-08-29T09:23:47","date_gmt":"2020-08-29T12:23:47","guid":{"rendered":"http:\/\/cdlsurubim.com.br\/site\/?p=2702"},"modified":"2020-08-29T09:23:47","modified_gmt":"2020-08-29T12:23:47","slug":"cdl-surubim-lanca-video-institucional-comemorativo-de-22-anos","status":"publish","type":"post","link":"https:\/\/cdlsurubim.com.br\/site\/2020\/08\/cdl-surubim-lanca-video-institucional-comemorativo-de-22-anos\/","title":{"rendered":"CDL Surubim lan\u00e7a v\u00eddeo institucional comemorativo de 22 anos"},"content":{"rendered":"<p>2020 est\u00e1 sendo um ano desafiador para todos n\u00f3s. Mas tamb\u00e9m \u00e9 o ano que a C\u00e2mara de Dirigentes Lojistas completa 22 anos de reabertura. Para celebrar este momento, preparamos um v\u00eddeo que exp\u00f5e como chegamos at\u00e9 aqui. Vamos seguindo com for\u00e7a e uni\u00e3o iremos continuar exercendo nossa miss\u00e3o. D\u00ea PLAY no v\u00eddeo e confira!<\/p>\n<p>&nbsp;<\/p>\n<p><iframe loading=\"lazy\" title=\"V\u00eddeo institucional comemorativo de 22 anos da CDL Surubim\" width=\"500\" height=\"281\" src=\"https:\/\/www.youtube.com\/embed\/nqNDPy58egA?feature=oembed\" frameborder=\"0\" allow=\"accelerometer; autoplay; clipboard-write; encrypted-media; gyroscope; picture-in-picture; web-share\" referrerpolicy=\"strict-origin-when-cross-origin\" allowfullscreen><\/iframe><\/p>\n<p>&#x1f389;&#x1f388;\u2728 #22anoscdlsurubim #parab\u00e9nscdl #cdlsurubim #anivers\u00e1rio #VideoComemorativo #Institucional #historia #cdlfaz22anos #associtivismo #colaboracao #sucesso #confian\u00e7a #parcerias #com\u00e9rcioforte<\/p>\n","protected":false},"excerpt":{"rendered":"<p>2020 est\u00e1 sendo um ano desafiador para todos n\u00f3s. Mas tamb\u00e9m \u00e9 o ano que a C\u00e2mara de Dirigentes Lojistas completa 22 anos de reabertura. Para celebrar este momento, preparamos um v\u00eddeo que exp\u00f5e como chegamos at\u00e9 aqui. Vamos seguindo com for\u00e7a e uni\u00e3o iremos continuar exercendo [&hellip;]<\/p>\n","protected":false},"author":2,"featured_media":2700,"comment_status":"closed","ping_status":"open","sticky":false,"template":"","format":"standard","meta":{"footnotes":""},"categories":[4],"tags":[],"class_list":["post-2702","post","type-post","status-publish","format-standard","has-post-thumbnail","hentry","category-noticias"],"_links":{"self":[{"href":"https:\/\/cdlsurubim.com.br\/site\/wp-json\/wp\/v2\/posts\/2702","targetHints":{"allow":["GET"]}}],"collection":[{"href":"https:\/\/cdlsurubim.com.br\/site\/wp-json\/wp\/v2\/posts"}],"about":[{"href":"https:\/\/cdlsurubim.com.br\/site\/wp-json\/wp\/v2\/types\/post"}],"author":[{"embeddable":true,"href":"https:\/\/cdlsurubim.com.br\/site\/wp-json\/wp\/v2\/users\/2"}],"replies":[{"embeddable":true,"href":"https:\/\/cdlsurubim.com.br\/site\/wp-json\/wp\/v2\/comments?post=2702"}],"version-history":[{"count":3,"href":"https:\/\/cdlsurubim.com.br\/site\/wp-json\/wp\/v2\/posts\/2702\/revisions"}],"predecessor-version":[{"id":2705,"href":"https:\/\/cdlsurubim.com.br\/site\/wp-json\/wp\/v2\/posts\/2702\/revisions\/2705"}],"wp:featuredmedia":[{"embeddable":true,"href":"https:\/\/cdlsurubim.com.br\/site\/wp-json\/wp\/v2\/media\/2700"}],"wp:attachment":[{"href":"https:\/\/cdlsurubim.com.br\/site\/wp-json\/wp\/v2\/media?parent=2702"}],"wp:term":[{"taxonomy":"category","embeddable":true,"href":"https:\/\/cdlsurubim.com.br\/site\/wp-json\/wp\/v2\/categories?post=2702"},{"taxonomy":"post_tag","embeddable":true,"href":"https:\/\/cdlsurubim.com.br\/site\/wp-json\/wp\/v2\/tags?post=2702"}],"curies":[{"name":"wp","href":"https:\/\/api.w.org\/{rel}","templated":true}]}}