{"id":2699,"date":"2020-08-28T06:21:44","date_gmt":"2020-08-28T09:21:44","guid":{"rendered":"http:\/\/cdlsurubim.com.br\/site\/?p=2699"},"modified":"2020-08-28T06:21:44","modified_gmt":"2020-08-28T09:21:44","slug":"cdl-surubim-completa-22-anos-de-reabertura","status":"publish","type":"post","link":"https:\/\/cdlsurubim.com.br\/site\/2020\/08\/cdl-surubim-completa-22-anos-de-reabertura\/","title":{"rendered":"CDL Surubim completa 22 anos de reabertura"},"content":{"rendered":"<p style=\"text-align: justify;\">A C\u00e2mara de Dirigentes Lojistas completa hoje, dia 28 de agosto, 22 anos de reabertura. A CDL Surubim tem trabalhado e se comprometido diariamente com o desenvolvimento do com\u00e9rcio de nossa cidade, o setor que impulsiona fortemente a economia da Capital da Vaquejada.<\/p>\n<p style=\"text-align: justify;\">O anivers\u00e1rio \u00e9 nosso, mas os parab\u00e9ns s\u00e3o para os Associados, Diretores, Colaboradores e Parceiros que nos ajudam a construir uma entidade, forte e atuante. Que todos possam brindar por um Com\u00e9rcio pujante e uma Surubim refer\u00eancia.<\/p>\n<p style=\"text-align: justify;\"><a href=\"http:\/\/cdlsurubim.com.br\/site\/wp-content\/uploads\/2020\/08\/WhatsApp-Image-2020-08-26-at-12.05.55.jpeg\" rel=\"attachment wp-att-2700\"><img loading=\"lazy\" decoding=\"async\" class=\"aligncenter  wp-image-2700\" src=\"http:\/\/cdlsurubim.com.br\/site\/wp-content\/uploads\/2020\/08\/WhatsApp-Image-2020-08-26-at-12.05.55-243x300.jpeg\" alt=\"WhatsApp Image 2020-08-26 at 12.05.55\" width=\"431\" height=\"532\" srcset=\"https:\/\/cdlsurubim.com.br\/site\/wp-content\/uploads\/2020\/08\/WhatsApp-Image-2020-08-26-at-12.05.55-243x300.jpeg 243w, https:\/\/cdlsurubim.com.br\/site\/wp-content\/uploads\/2020\/08\/WhatsApp-Image-2020-08-26-at-12.05.55-768x949.jpeg 768w, https:\/\/cdlsurubim.com.br\/site\/wp-content\/uploads\/2020\/08\/WhatsApp-Image-2020-08-26-at-12.05.55-828x1024.jpeg 828w, https:\/\/cdlsurubim.com.br\/site\/wp-content\/uploads\/2020\/08\/WhatsApp-Image-2020-08-26-at-12.05.55.jpeg 974w\" sizes=\"auto, (max-width: 431px) 100vw, 431px\" \/><\/a><\/p>\n","protected":false},"excerpt":{"rendered":"<p>A C\u00e2mara de Dirigentes Lojistas completa hoje, dia 28 de agosto, 22 anos de reabertura. A CDL Surubim tem trabalhado e se comprometido diariamente com o desenvolvimento do com\u00e9rcio de nossa cidade, o setor que impulsiona fortemente a economia da Capital da Vaquejada. O anivers\u00e1rio \u00e9 nosso, [&hellip;]<\/p>\n","protected":false},"author":2,"featured_media":2700,"comment_status":"closed","ping_status":"open","sticky":false,"template":"","format":"standard","meta":{"footnotes":""},"categories":[4],"tags":[],"class_list":["post-2699","post","type-post","status-publish","format-standard","has-post-thumbnail","hentry","category-noticias"],"_links":{"self":[{"href":"https:\/\/cdlsurubim.com.br\/site\/wp-json\/wp\/v2\/posts\/2699","targetHints":{"allow":["GET"]}}],"collection":[{"href":"https:\/\/cdlsurubim.com.br\/site\/wp-json\/wp\/v2\/posts"}],"about":[{"href":"https:\/\/cdlsurubim.com.br\/site\/wp-json\/wp\/v2\/types\/post"}],"author":[{"embeddable":true,"href":"https:\/\/cdlsurubim.com.br\/site\/wp-json\/wp\/v2\/users\/2"}],"replies":[{"embeddable":true,"href":"https:\/\/cdlsurubim.com.br\/site\/wp-json\/wp\/v2\/comments?post=2699"}],"version-history":[{"count":1,"href":"https:\/\/cdlsurubim.com.br\/site\/wp-json\/wp\/v2\/posts\/2699\/revisions"}],"predecessor-version":[{"id":2701,"href":"https:\/\/cdlsurubim.com.br\/site\/wp-json\/wp\/v2\/posts\/2699\/revisions\/2701"}],"wp:featuredmedia":[{"embeddable":true,"href":"https:\/\/cdlsurubim.com.br\/site\/wp-json\/wp\/v2\/media\/2700"}],"wp:attachment":[{"href":"https:\/\/cdlsurubim.com.br\/site\/wp-json\/wp\/v2\/media?parent=2699"}],"wp:term":[{"taxonomy":"category","embeddable":true,"href":"https:\/\/cdlsurubim.com.br\/site\/wp-json\/wp\/v2\/categories?post=2699"},{"taxonomy":"post_tag","embeddable":true,"href":"https:\/\/cdlsurubim.com.br\/site\/wp-json\/wp\/v2\/tags?post=2699"}],"curies":[{"name":"wp","href":"https:\/\/api.w.org\/{rel}","templated":true}]}}